{"id":110646,"date":"2021-02-05T05:59:20","date_gmt":"2021-02-05T10:59:20","guid":{"rendered":"https:\/\/linitiative.ca\/International\/crise-politique-a-quoi-peut-bien-servir-larp\/"},"modified":"2021-02-05T05:59:20","modified_gmt":"2021-02-05T10:59:20","slug":"crise-politique-a-quoi-peut-bien-servir-larp","status":"publish","type":"post","link":"https:\/\/linitiative.ca\/International\/crise-politique-a-quoi-peut-bien-servir-larp\/","title":{"rendered":"Crise politique : \u00e0 quoi peut bien servir l\u2019ARP ?"},"content":{"rendered":"<h2>L\u2019ARP est-elle un levier ou un frein? La question m\u00e9rite d\u2019\u00eatre pos\u00e9e en ce moment de crise. N\u2019est-il pas bien appropri\u00e9 que le parlement, qui se dit \u00eatre le seul\u00a0 \u00ab\u00a0d\u00e9tenteur du pouvoir\u00a0\u00bb, ne puisse pas jouer un r\u00f4le essentiel pour d\u00e9samorcer la crise entre les Palais de Carthage et de La Kasbah?<\/h2>\n<p>On ne le dira sans doute jamais assez: les questions toutes simples sont toujours les meilleures. Elles permettent de comprendre et m\u00eame d\u2019analyser correctement le v\u00e9cu des hommes. Autant dire que lorsque nous posons les questions suivantes, nous avons les r\u00e9ponses idoines. Et notamment concernant l\u2019ARP.<\/p>\n<p>Les voici donc: combien reste-t-il aux actuels membres de l\u2019Assembl\u00e9e des Repr\u00e9sentants du Peuple (ARP) pour si\u00e9ger au Palais du Bardo? Serait-ce possible que ces derniers changent de modus operandi? Faut-il ainsi croire qu\u2019ils mettront tous leurs efforts \u00e0 servir les Tunisiens qui les ont \u00e9lus plut\u00f4t que de se chamailler en permanence? Faut-il croire qu\u2019ils pourraient cesser de nous faire vivre des sc\u00e8nes o\u00f9 le chaos n\u2019est que leur horizon quotidien?<\/p>\n<p>La r\u00e9ponse coule, pour ainsi dire, de source. A moins d\u2019un miracle, pour ceux \u00e0 qui cela arrive de croire aux miracles, il n\u2019y aura pas de changement. C\u2019est clair, net et pr\u00e9cis, comme il arrive aux publicitaires de nous le dire souvent lorsqu\u2019ils veulent nous pr\u00e9senter des \u00e9vidences. Ainsi, nous avons encore un peu plus de trois ans \u00e0 vivre le calvaire que nous observons depuis le d\u00e9but de la l\u00e9gislature (2019-2024).<\/p>\n<p>Et sans faire de p\u00e9dantisme, il s\u2019agit aujourd\u2019hui, et pour nous tous, de distinguer ce que les analystes des \u0153uvres litt\u00e9raires notamment, appellent le r\u00e9el et la repr\u00e9sentation du r\u00e9el. La repr\u00e9sentation du r\u00e9el \u00e9tant, et sans entrer dans les d\u00e9tails, que pratiquement les seuls sp\u00e9cialistes ma\u00eetrisent, la conception, l\u2019id\u00e9e que l\u2019on se fait du r\u00f4le et du fonctionnement de l\u2019ARP.<\/p>\n<p>Comprenez qu\u2019il faut se rendre \u00e0 l\u2019\u00e9vidence que le produit que nous avons r\u00e9ellement sous nos yeux n\u2019est pas de tout point de vue celui auquel les Tunisiens ont aspir\u00e9 en se rendant aux urnes en octobre 2019.<\/p>\n<h2>A moins qu\u2019il ne soit lui-m\u00eame un protagoniste de la crise!<\/h2>\n<p>On pourrait toujours dire que les Tunisiens en sont, en partie, responsables. Dans la mesure o\u00f9 leur vote a donn\u00e9 ce paysage \u00e9miett\u00e9 qui ne pouvait que produire le v\u00e9cu auquel nous assistons depuis.<\/p>\n<p>Reste que toute la question est aujourd\u2019hui de savoir si ce v\u00e9cu est conforme aux attentes du pays. En somme, l\u2019ARP constitue-t-elle un levier ou plut\u00f4t un frein? La crise v\u00e9cue par le pays depuis que\u00a0<a href=\"https:\/\/www.leconomistemaghrebin.com\/2021\/01\/26\/entre-kais-saied-et-son-chef-du-gouvernement-la-rupture-est-definitivement-consommee\/\" target=\"_blank\" rel=\"noopener noreferrer\">le chef de l\u2019Etat a signifi\u00e9 qu\u2019il refuserait la prestation de serment de quelques ministres choisis par Hichem Mechichi<\/a>\u00a0devait favoriser un geste du parlement pour ne pas la laisser perdurer!<\/p>\n<p>Or, jusqu\u2019ici rien. Rien de rien, comme dit une chanson bien connue. De quoi se demander si cela est dans l\u2019ordre des choses de la part d\u2019une structure qui se dit \u00eatre la vraie \u00ab\u00a0d\u00e9tentrice du pouvoir\u00a0\u00bb en Tunisie!<\/p>\n<p>Ne revenait-il pas \u00e0 l\u2019ARP de jouer un r\u00f4le pour d\u00e9samorcer la crise? L\u2019ARP ne repr\u00e9sente-t-elle pas, du moins, l\u2019essentiel de la classe politique en Tunisie? Et l\u2019initiative ou les appels venant de sa part ne doivent-ils pas \u00eatre le fait de quelques d\u00e9put\u00e9s individuels ou \u00e9maner d\u2019une seule formation du parlement?<\/p>\n<p>Mais, c\u2019est loin d\u2019\u00eatre le cas d\u2019une ARP qui reste divis\u00e9e. Et cela se voit. Avec, pour beaucoup de repr\u00e9sentants du peuple, d\u2019un c\u00f4t\u00e9 ceux qui sont du c\u00f4t\u00e9 du chef du gouvernement et de l\u2019autre du pr\u00e9sident de la R\u00e9publique. A moins que l\u2019ARP ne soit elle-m\u00eame un protagoniste de la crise!<\/p>\n<p>leconomistemaghrebin<\/p>\n<div class=\"wp-post-author-wrap wp-post-author-shortcode left\">\n<h3 class=\"awpa-title\"\/>\n<div class=\"wp-post-author\">\n<div class=\"awpa-img awpa-author-block square\"><a href=\"http:\/\/lexpertjournal.net\/fr\/?author=5\"><img loading=\"lazy\" decoding=\"async\" alt=\"\" src=\"http:\/\/0.gravatar.com\/avatar\/97f8e10a1c1125ba104a76514ee07b16?s=150&amp;d=mm&amp;r=g\" srcset=\"http:\/\/0.gravatar.com\/avatar\/97f8e10a1c1125ba104a76514ee07b16?s=300&amp;d=mm&amp;r=g 2x\" class=\"avatar avatar-150 photo\" height=\"150\" width=\"150\"\/><\/a><\/div>\n<\/div>\n<\/div>\n<aside class=\"mashsb-container mashsb-main mashsb-stretched\">\n<\/aside>\n<p>Auteur: L&rsquo;expert<br \/>\n<a href=\"http:\/\/lexpertjournal.net\/fr\/?p=18533\">Cliquez ici pour lire l&rsquo;article depuis sa source.<\/a><\/p>\n","protected":false},"excerpt":{"rendered":"<p>L\u2019ARP est-elle un levier ou un frein? La question m\u00e9rite d\u2019\u00eatre pos\u00e9e en ce moment de crise. N\u2019est-il pas bien appropri\u00e9 que le parlement, qui se dit \u00eatre le seul\u00a0 \u00ab\u00a0d\u00e9tenteur du pouvoir\u00a0\u00bb, ne puisse pas jouer un r\u00f4le essentiel pour d\u00e9samorcer la crise entre les Palais de Carthage et de La Kasbah? On ne [&hellip;]<\/p>\n","protected":false},"author":1775,"featured_media":0,"comment_status":"closed","ping_status":"closed","sticky":false,"template":"","format":"standard","meta":{"fifu_image_url":"http:\/\/0.gravatar.com\/avatar\/97f8e10a1c1125ba104a76514ee07b16?s=150&d=mm&r=g","fifu_image_alt":"Crise politique : \u00e0 quoi peut bien servir l\u2019ARP ?","footnotes":""},"categories":[78,55],"tags":[],"class_list":["post-110646","post","type-post","status-publish","format-standard","hentry","category-economie","category-tunisie"],"_links":{"self":[{"href":"https:\/\/linitiative.ca\/International\/wp-json\/wp\/v2\/posts\/110646","targetHints":{"allow":["GET"]}}],"collection":[{"href":"https:\/\/linitiative.ca\/International\/wp-json\/wp\/v2\/posts"}],"about":[{"href":"https:\/\/linitiative.ca\/International\/wp-json\/wp\/v2\/types\/post"}],"author":[{"embeddable":true,"href":"https:\/\/linitiative.ca\/International\/wp-json\/wp\/v2\/users\/1775"}],"replies":[{"embeddable":true,"href":"https:\/\/linitiative.ca\/International\/wp-json\/wp\/v2\/comments?post=110646"}],"version-history":[{"count":0,"href":"https:\/\/linitiative.ca\/International\/wp-json\/wp\/v2\/posts\/110646\/revisions"}],"wp:attachment":[{"href":"https:\/\/linitiative.ca\/International\/wp-json\/wp\/v2\/media?parent=110646"}],"wp:term":[{"taxonomy":"category","embeddable":true,"href":"https:\/\/linitiative.ca\/International\/wp-json\/wp\/v2\/categories?post=110646"},{"taxonomy":"post_tag","embeddable":true,"href":"https:\/\/linitiative.ca\/International\/wp-json\/wp\/v2\/tags?post=110646"}],"curies":[{"name":"wp","href":"https:\/\/api.w.org\/{rel}","templated":true}]}}