{"id":110648,"date":"2021-02-05T07:30:00","date_gmt":"2021-02-05T12:30:00","guid":{"rendered":"https:\/\/linitiative.ca\/International\/des-vents-forts-sur-plusieurs-wilayas-du-pays-vendredi\/"},"modified":"2021-02-05T07:30:00","modified_gmt":"2021-02-05T12:30:00","slug":"des-vents-forts-sur-plusieurs-wilayas-du-pays-vendredi","status":"publish","type":"post","link":"https:\/\/linitiative.ca\/International\/des-vents-forts-sur-plusieurs-wilayas-du-pays-vendredi\/","title":{"rendered":"Des vents forts sur plusieurs wilayas du pays vendredi"},"content":{"rendered":"<div id=\"originalText\" readability=\"64\">\n<p>Des vents forts, soufflant parfois en rafales, affecteront plusieurs wilayas du pays vendredi, indique un bulletin m\u00e9t\u00e9orologique sp\u00e9cial (BMS), \u00e9mis par les services de l&rsquo;Office national de la m\u00e9t\u00e9orologie.<\/p>\n<p>Selon le bulletin, plac\u00e9 au niveau de vigilance orange, les vents affecteront les wilayas de Tlemcen, Ain Temouchent, Oran, Mostaganem, Mascara, Relizane, Sidi Bel Abbes, Sa\u00efda, Tiaret, Tissemssilt, Na\u00e2ma, El Bayadh, Laghouat, Djelfa, B\u00e9char, Gharda\u00efa et Nord d&rsquo;Adrar.<\/p>\n<p>Jusqu&rsquo;\u00e0 21h00 le m\u00eame jour, les vents souffleront avec une vitesse de 60\/70 km\/h, dont des rafales atteignant ou d\u00e9passant parfois 80 km\/h.<\/p>\n<p class=\"c6\"><strong>APS<\/strong><br \/>\u00a0<\/p>\n<\/div>\n<div id=\"text_core\" readability=\"64\">\n<p>Des vents forts, soufflant parfois en rafales, affecteront plusieurs wilayas du pays vendredi, indique un bulletin m\u00e9t\u00e9orologique sp\u00e9cial (BMS), \u00e9mis par les services de l&rsquo;Office national de la m\u00e9t\u00e9orologie.<\/p>\n<p>Selon le bulletin, plac\u00e9 au niveau de vigilance orange, les vents affecteront les wilayas de Tlemcen, Ain Temouchent, Oran, Mostaganem, Mascara, Relizane, Sidi Bel Abbes, Sa\u00efda, Tiaret, Tissemssilt, Na\u00e2ma, El Bayadh, Laghouat, Djelfa, B\u00e9char, Gharda\u00efa et Nord d&rsquo;Adrar.<\/p>\n<p>Jusqu&rsquo;\u00e0 21h00 le m\u00eame jour, les vents souffleront avec une vitesse de 60\/70 km\/h, dont des rafales atteignant ou d\u00e9passant parfois 80 km\/h.<\/p>\n<p class=\"c6\"><strong>APS<\/strong><br \/>\u00a0<\/p>\n<\/div>\n<p>Auteur:<br \/>\n<a href=\"https:\/\/www.liberte-algerie.com\/actualite\/des-vents-forts-sur-plusieurs-wilayas-du-pays-vendredi-353575\">Cliquez ici pour lire l&rsquo;article depuis sa source.<\/a><\/p>\n","protected":false},"excerpt":{"rendered":"<p>Des vents forts, soufflant parfois en rafales, affecteront plusieurs wilayas du pays vendredi, indique un bulletin m\u00e9t\u00e9orologique sp\u00e9cial (BMS), \u00e9mis par les services de l&rsquo;Office national de la m\u00e9t\u00e9orologie. Selon le bulletin, plac\u00e9 au niveau de vigilance orange, les vents affecteront les wilayas de Tlemcen, Ain Temouchent, Oran, Mostaganem, Mascara, Relizane, Sidi Bel Abbes, Sa\u00efda, [&hellip;]<\/p>\n","protected":false},"author":1742,"featured_media":0,"comment_status":"closed","ping_status":"closed","sticky":false,"template":"","format":"standard","meta":{"fifu_image_url":"","fifu_image_alt":"","footnotes":""},"categories":[73,53],"tags":[],"class_list":["post-110648","post","type-post","status-publish","format-standard","hentry","category-actualite","category-algerie"],"_links":{"self":[{"href":"https:\/\/linitiative.ca\/International\/wp-json\/wp\/v2\/posts\/110648","targetHints":{"allow":["GET"]}}],"collection":[{"href":"https:\/\/linitiative.ca\/International\/wp-json\/wp\/v2\/posts"}],"about":[{"href":"https:\/\/linitiative.ca\/International\/wp-json\/wp\/v2\/types\/post"}],"author":[{"embeddable":true,"href":"https:\/\/linitiative.ca\/International\/wp-json\/wp\/v2\/users\/1742"}],"replies":[{"embeddable":true,"href":"https:\/\/linitiative.ca\/International\/wp-json\/wp\/v2\/comments?post=110648"}],"version-history":[{"count":0,"href":"https:\/\/linitiative.ca\/International\/wp-json\/wp\/v2\/posts\/110648\/revisions"}],"wp:attachment":[{"href":"https:\/\/linitiative.ca\/International\/wp-json\/wp\/v2\/media?parent=110648"}],"wp:term":[{"taxonomy":"category","embeddable":true,"href":"https:\/\/linitiative.ca\/International\/wp-json\/wp\/v2\/categories?post=110648"},{"taxonomy":"post_tag","embeddable":true,"href":"https:\/\/linitiative.ca\/International\/wp-json\/wp\/v2\/tags?post=110648"}],"curies":[{"name":"wp","href":"https:\/\/api.w.org\/{rel}","templated":true}]}}