{"id":110649,"date":"2021-02-04T15:50:14","date_gmt":"2021-02-04T20:50:14","guid":{"rendered":"https:\/\/linitiative.ca\/International\/appel-a-candidatures-pour-lacces-a-la-formation-de-lum6p-ce-doc\/"},"modified":"2021-02-04T15:50:14","modified_gmt":"2021-02-04T20:50:14","slug":"appel-a-candidatures-pour-lacces-a-la-formation-de-lum6p-ce-doc","status":"publish","type":"post","link":"https:\/\/linitiative.ca\/International\/appel-a-candidatures-pour-lacces-a-la-formation-de-lum6p-ce-doc\/","title":{"rendered":"Appel \u00e0 candidatures pour l\u2019acc\u00e8s \u00e0 la Formation de l\u2019UM6P\/CE-Doc"},"content":{"rendered":"<div class=\"single-featured\"><img alt=\"\" data-src=\"http:\/\/www.mapmarrakech.ma\/map\/uploads\/2020\/05\/UM6P-benguerir-copier-1.jpg\"\/><\/div>\n<div class=\"single-post-excerpt post-excerpt-bc\" readability=\"37\">\n<p>L\u2019Universit\u00e9 Mohammed VI Polytechnique (UM6P) de Benguerir a lanc\u00e9, r\u00e9cemment, un appel \u00e0 candidatures pour l\u2019acc\u00e8s \u00e0 la Formation Doctorale Interdisciplinaire en Sciences, Techniques et Ing\u00e9nierie au titre de l\u2019ann\u00e9e universitaire 2020-2021.<\/p>\n<\/div>\n<div class=\"entry-content clearfix single-post-content\" readability=\"46\">\n<p>L\u2019objectif principal de cette formation doctorale de l\u2019UM6P\/CE-Doc est d\u2019adopter une approche interdisciplinaire innovante qui, \u00e0 travers la cr\u00e9ation d\u2019un cadre int\u00e9gratif entre les diff\u00e9rents programmes de recherche de l\u2019universit\u00e9, permet de d\u00e9velopper la recherche-action et des programmes novateurs et transversaux qui favorisent la cr\u00e9ativit\u00e9 acad\u00e9mique et scientifique et r\u00e9pondent aux enjeux et d\u00e9fis du Maroc et de l\u2019Afrique, pr\u00e9cise le prestigieux \u00e9tablissement universitaire dans un communiqu\u00e9, publi\u00e9 sur son site internet.<\/p>\n<p>L\u2019UM6P\/CE-doc a pour vocation principale de former les futurs doctorants par la recherche op\u00e9rationnelle et l\u2019innovation avanc\u00e9e, tout en leur assurant des formations sp\u00e9cifiques et compl\u00e9mentaires en mati\u00e8re de leadership et d\u2019entrepreneuriat afin de hisser le niveau de la formation doctorale aux standards acad\u00e9miques et professionnels internationaux, selon la m\u00eame source.<\/p>\n<\/div>\n<p>Auteur: Meriem IGASS<br \/>\n<a href=\"http:\/\/www.mapmarrakech.ma\/fr\/appel-a-candidatures-pour-lacces-a-la-formation-de-lum6p-ce-doc\/\">Cliquez ici pour lire l&rsquo;article depuis sa source.<\/a><\/p>\n","protected":false},"excerpt":{"rendered":"<p>L\u2019Universit\u00e9 Mohammed VI Polytechnique (UM6P) de Benguerir a lanc\u00e9, r\u00e9cemment, un appel \u00e0 candidatures pour l\u2019acc\u00e8s \u00e0 la Formation Doctorale Interdisciplinaire en Sciences, Techniques et Ing\u00e9nierie au titre de l\u2019ann\u00e9e universitaire 2020-2021. L\u2019objectif principal de cette formation doctorale de l\u2019UM6P\/CE-Doc est d\u2019adopter une approche interdisciplinaire innovante qui, \u00e0 travers la cr\u00e9ation d\u2019un cadre int\u00e9gratif entre [&hellip;]<\/p>\n","protected":false},"author":1788,"featured_media":0,"comment_status":"closed","ping_status":"closed","sticky":false,"template":"","format":"standard","meta":{"fifu_image_url":"http:\/\/www.mapmarrakech.ma\/map\/uploads\/2020\/05\/UM6P-benguerir-copier-1.jpg","fifu_image_alt":"Appel \u00e0 candidatures pour l\u2019acc\u00e8s \u00e0 la Formation de l\u2019UM6P\/CE-Doc","footnotes":""},"categories":[54,76],"tags":[],"class_list":["post-110649","post","type-post","status-publish","format-standard","hentry","category-maroc","category-regions"],"_links":{"self":[{"href":"https:\/\/linitiative.ca\/International\/wp-json\/wp\/v2\/posts\/110649","targetHints":{"allow":["GET"]}}],"collection":[{"href":"https:\/\/linitiative.ca\/International\/wp-json\/wp\/v2\/posts"}],"about":[{"href":"https:\/\/linitiative.ca\/International\/wp-json\/wp\/v2\/types\/post"}],"author":[{"embeddable":true,"href":"https:\/\/linitiative.ca\/International\/wp-json\/wp\/v2\/users\/1788"}],"replies":[{"embeddable":true,"href":"https:\/\/linitiative.ca\/International\/wp-json\/wp\/v2\/comments?post=110649"}],"version-history":[{"count":0,"href":"https:\/\/linitiative.ca\/International\/wp-json\/wp\/v2\/posts\/110649\/revisions"}],"wp:attachment":[{"href":"https:\/\/linitiative.ca\/International\/wp-json\/wp\/v2\/media?parent=110649"}],"wp:term":[{"taxonomy":"category","embeddable":true,"href":"https:\/\/linitiative.ca\/International\/wp-json\/wp\/v2\/categories?post=110649"},{"taxonomy":"post_tag","embeddable":true,"href":"https:\/\/linitiative.ca\/International\/wp-json\/wp\/v2\/tags?post=110649"}],"curies":[{"name":"wp","href":"https:\/\/api.w.org\/{rel}","templated":true}]}}