{"id":110650,"date":"2021-02-04T18:09:51","date_gmt":"2021-02-04T23:09:51","guid":{"rendered":"https:\/\/linitiative.ca\/International\/le-maroc-et-lomt-engages-a-assurer-la-reussite-de-la-24e-ag\/"},"modified":"2021-02-04T18:09:51","modified_gmt":"2021-02-04T23:09:51","slug":"le-maroc-et-lomt-engages-a-assurer-la-reussite-de-la-24e-ag","status":"publish","type":"post","link":"https:\/\/linitiative.ca\/International\/le-maroc-et-lomt-engages-a-assurer-la-reussite-de-la-24e-ag\/","title":{"rendered":"Le Maroc et l\u2019OMT engag\u00e9s \u00e0 assurer la r\u00e9ussite de la 24\u00e8 AG"},"content":{"rendered":"<div readability=\"39\">\n<p>Marrakech \u2013 Le Maroc et l\u2019Organisation Mondiale du Tourisme (OMT) ont exprim\u00e9, jeudi \u00e0 Marrakech, leur engagement pour assurer la r\u00e9ussite de la 24\u00e8 session de l\u2019Assembl\u00e9e G\u00e9n\u00e9rale de l\u2019organisation onusienne, pr\u00e9vue en octobre prochain dans la cit\u00e9 ocre et destin\u00e9e \u00e0 promouvoir et \u00e0 d\u00e9velopper le secteur touristique, frapp\u00e9 de plein fouet par la pand\u00e9mie du nouveau coronavirus (Covid-19).<\/p>\n<\/div>\n<div readability=\"127\">\n<p>\u00ab\u00a0Toutes les forces vives de notre pays sont mobilis\u00e9es pour faire de la 24\u00e8 session de l\u2019Assembl\u00e9e G\u00e9n\u00e9rale de l\u2019OMT un grand succ\u00e8s\u00a0\u00bb, a soulign\u00e9 la ministre du Tourisme, de l\u2019artisanat, du transport a\u00e9rien et de l\u2019\u00e9conomie sociale, Mme Nadia Fettah Alaoui, lors d\u2019une s\u00e9ance de travail entre le Secr\u00e9taire g\u00e9n\u00e9ral de l\u2019OMT, M. Zurab Pololikashvili, le Wali de la r\u00e9gion Marrakech-Safi, gouverneur de la pr\u00e9fecture de Marrakech, M. Karim Kassi-Lahlou, et les partenaires locaux.<\/p>\n<p>\u00ab\u00a0Cette s\u00e9ance de travail s\u2019inscrit dans le cadre des travaux pr\u00e9paratoires de la 24\u00e8 session de l\u2019AG de l\u2019OMT, qui se d\u00e9roulera pour la premi\u00e8re fois dans notre pays \u00e0 Marrakech\u00a0\u00bb, a indiqu\u00e9 la ministre, mettant en exergue l\u2019importance de cette r\u00e9union, qui se tient dans une conjoncture o\u00f9 l\u2019industrie touristique dans le monde entier a \u00ab\u00a0besoin d\u2019une bouff\u00e9e d\u2019optimisme apr\u00e8s la crise exceptionnelle induite par la pand\u00e9mie du nouveau coronavirus\u00a0\u00bb.<\/p>\n<p>Rappelant que la cit\u00e9 ocre a \u00e9t\u00e9 toujours honor\u00e9e d\u2019organiser des \u00e9v\u00e9nements majeurs, notamment la COP22, Mme Fettah Alaoui a relev\u00e9 que \u00ab\u00a0sous l\u2019impulsion de SM le Roi Mohammed VI, notre pays accorde une place de choix au tourisme, un secteur qui a un impact \u00e9conomique important avec une contribution de 17% au PIB national\u00a0\u00bb.<\/p>\n<p>De son c\u00f4t\u00e9, M. Pololikashvili, \u00e0 la t\u00eate d\u2019une d\u00e9l\u00e9gation de hauts responsables, a affirm\u00e9 l\u2019engagement de son organisation \u00e0 accompagner le Royaume dans tous les pr\u00e9paratifs pour assurer la r\u00e9ussite de cet \u00e9v\u00e9nement mondial, qui intervient apr\u00e8s les confinements impos\u00e9s de par le monde, en raison de la pand\u00e9mie de la Covid-19.<\/p>\n<p>Dans ce sens, il a soulign\u00e9 que la tenue de la 24\u00e8 session de l\u2019Assembl\u00e9e G\u00e9n\u00e9rale de l\u2019OMT \u00e0 Marrakech t\u00e9moigne du leadership du Royaume, \u00ab\u00a0qui dispose de tous les atouts pour accueillir cet \u00e9v\u00e9nement dans les meilleures conditions possibles\u00a0\u00bb.<\/p>\n<p>M. Kassi-Lahlou a, quant \u00e0 lui, exprim\u00e9 la mobilisation de toutes les parties prenantes, publiques et priv\u00e9es, pour r\u00e9unir toutes les conditions n\u00e9cessaires \u00e0 la r\u00e9ussite de cet \u00e9v\u00e9nement plan\u00e9taire, qui confirme la position de Marrakech en tant que destination de choix pour l\u2019organisation des manifestations de grande envergure.<\/p>\n<p>Tout en rappelant que la cit\u00e9 ocre a abrit\u00e9 des \u00e9v\u00e9nements historiques, tels que la cr\u00e9ation de l\u2019Organisation mondiale du commerce (OMC), la COP22, le Pacte mondial sur les migrations\u2026, le wali n\u2019a pas manqu\u00e9 de souligner l\u2019importance de cet \u00e9v\u00e9nement mondial pour la relance du secteur touristique, lourdement touch\u00e9 par la pand\u00e9mie du nouveau coronavirus, aux plans national et international.<\/p>\n<p>Lors de cette s\u00e9ance de travail, le pr\u00e9sident du Conseil r\u00e9gional du tourisme (CRT) de Marrakech, M. Hamid Bentahar, a pass\u00e9 en revue les diff\u00e9rents atouts touristiques et infrastructurels de la cit\u00e9 ocre, mettant en exergue la magie et la beaut\u00e9 de cette destination.<\/p>\n<p>\u00ab\u00a0La cit\u00e9 ocre est tout \u00e0 fait pr\u00e9par\u00e9e sur le plan sanitaire et dispose d\u2019une infrastructure solide et appropri\u00e9e pour accueillir ses h\u00f4tes en octobre prochain\u00a0\u00bb, a assur\u00e9 M. Bentahar.<\/p>\n<p>Cette r\u00e9union, qui a rassembl\u00e9 des repr\u00e9sentants des diff\u00e9rents d\u00e9partements gouvernementaux impliqu\u00e9s dans les travaux pr\u00e9paratoires de la 24\u00e8 Assembl\u00e9e g\u00e9n\u00e9rale de l\u2019OMT, ainsi que des professionnels du secteur touristique au Maroc, a \u00e9t\u00e9 \u00e9galement l\u2019occasion de s\u2019attarder sur l\u2019\u00e9tat dudit secteur dans le Royaume et dans le monde, dans un contexte marqu\u00e9 par la crise du nouveau coronavirus.<\/p>\n<p>Le Maroc a \u00e9t\u00e9 \u00e9lu pour abriter cet \u00e9v\u00e9nement lors de la 22\u00e8 session, tenue en septembre 2019 \u00e0 Saint-P\u00e9tersbourg en Russie, avec un total de 74 voix contre respectivement 17 et 11 pour le Kenya et les Philippines.<\/p>\n<\/div>\n<p>Auteur: Meriem IGASS<br \/>\n<a href=\"http:\/\/www.mapmarrakech.ma\/fr\/le-maroc-et-lomt-engages-a-assurer-la-reussite-de-la-24e-ag\/\">Cliquez ici pour lire l&rsquo;article depuis sa source.<\/a><\/p>\n","protected":false},"excerpt":{"rendered":"<p>Marrakech \u2013 Le Maroc et l\u2019Organisation Mondiale du Tourisme (OMT) ont exprim\u00e9, jeudi \u00e0 Marrakech, leur engagement pour assurer la r\u00e9ussite de la 24\u00e8 session de l\u2019Assembl\u00e9e G\u00e9n\u00e9rale de l\u2019organisation onusienne, pr\u00e9vue en octobre prochain dans la cit\u00e9 ocre et destin\u00e9e \u00e0 promouvoir et \u00e0 d\u00e9velopper le secteur touristique, frapp\u00e9 de plein fouet par la [&hellip;]<\/p>\n","protected":false},"author":1788,"featured_media":0,"comment_status":"closed","ping_status":"closed","sticky":false,"template":"","format":"standard","meta":{"fifu_image_url":"","fifu_image_alt":"","footnotes":""},"categories":[54,76],"tags":[],"class_list":["post-110650","post","type-post","status-publish","format-standard","hentry","category-maroc","category-regions"],"_links":{"self":[{"href":"https:\/\/linitiative.ca\/International\/wp-json\/wp\/v2\/posts\/110650","targetHints":{"allow":["GET"]}}],"collection":[{"href":"https:\/\/linitiative.ca\/International\/wp-json\/wp\/v2\/posts"}],"about":[{"href":"https:\/\/linitiative.ca\/International\/wp-json\/wp\/v2\/types\/post"}],"author":[{"embeddable":true,"href":"https:\/\/linitiative.ca\/International\/wp-json\/wp\/v2\/users\/1788"}],"replies":[{"embeddable":true,"href":"https:\/\/linitiative.ca\/International\/wp-json\/wp\/v2\/comments?post=110650"}],"version-history":[{"count":0,"href":"https:\/\/linitiative.ca\/International\/wp-json\/wp\/v2\/posts\/110650\/revisions"}],"wp:attachment":[{"href":"https:\/\/linitiative.ca\/International\/wp-json\/wp\/v2\/media?parent=110650"}],"wp:term":[{"taxonomy":"category","embeddable":true,"href":"https:\/\/linitiative.ca\/International\/wp-json\/wp\/v2\/categories?post=110650"},{"taxonomy":"post_tag","embeddable":true,"href":"https:\/\/linitiative.ca\/International\/wp-json\/wp\/v2\/tags?post=110650"}],"curies":[{"name":"wp","href":"https:\/\/api.w.org\/{rel}","templated":true}]}}