{"id":110654,"date":"2021-02-04T16:18:17","date_gmt":"2021-02-04T21:18:17","guid":{"rendered":"https:\/\/linitiative.ca\/International\/astrazeneca-peut-etre-utilise-chez-la-population-agee-de-65-ans-et-plus\/"},"modified":"2021-02-04T16:18:17","modified_gmt":"2021-02-04T21:18:17","slug":"astrazeneca-peut-etre-utilise-chez-la-population-agee-de-65-ans-et-plus","status":"publish","type":"post","link":"https:\/\/linitiative.ca\/International\/astrazeneca-peut-etre-utilise-chez-la-population-agee-de-65-ans-et-plus\/","title":{"rendered":"AstraZeneca peut \u00eatre utilis\u00e9 chez la population \u00e2g\u00e9e de 65 ans et plus"},"content":{"rendered":"<p class=\"c4\">Le minist\u00e8re de la Sant\u00e9 a affirm\u00e9, jeudi, que\u00a0plusieurs \u00e9l\u00e9ments permettent de maintenir l\u2019utilisation du\u00a0vaccin\u00a0AstraZeneca\u00a0pour la tranche d\u2019\u00e2ge de plus de 65 ans, comme pr\u00e9conis\u00e9 initialement dans la strat\u00e9gie nationale de vaccination anti Covid-19.<\/p>\n<p class=\"c4\">Dans un communiqu\u00e9 relatant l\u2019avis du\u00a0Comit\u00e9 national scientifique adhoc pour l\u2019\u00e9laboration de la strat\u00e9gie vaccinale contre le Sars-Cov-2, le minist\u00e8re de la Sant\u00e9 pr\u00e9cise, notamment, que le vaccin anti-Covid d\u00e9velopp\u00e9 par Astra Zeneca a obtenu l\u2019autorisation d\u2019utilisation, sans limitation d\u2019\u00e2ge \u00e0 65 ans, par l\u2019Agence europ\u00e9enne des m\u00e9dicaments et les autorit\u00e9s sanitaires de plusieurs pays, dont le Maroc.<\/p>\n<p class=\"c4\">De m\u00eame, \u00ab\u00a0l\u2019essai clinique de phase 3 de ce vaccin inclut un sous groupe de personnes \u00e2g\u00e9es de plus de 65 ans parmi lesquelles, 687 personnes ont re\u00e7u le vaccin, dont 4 ont d\u00e9velopp\u00e9 la Covid-19 et 666 personnes du groupe t\u00e9moin, dont 7 ont d\u00e9velopp\u00e9 la Covid-19\u00a0\u00bb, rel\u00e8ve le communiqu\u00e9, publi\u00e9 suite \u00e0 la r\u00e9union du comit\u00e9, tenue jeudi.<\/p>\n<p class=\"c4\">A ce jour, les donn\u00e9es de cet essai clinique ne permettent pas de tirer des conclusions quant \u00e0 l\u2019exclusion de cette tranche d\u2019\u00e2ge des b\u00e9n\u00e9ficiaires de ce vaccin, indique la m\u00eame source.<\/p>\n<p class=\"c4\">Par ailleurs, il faut noter qu\u2019une protection est attendue pour cette tranche d\u2019\u00e2ge, \u00e9tant donn\u00e9 que des taux de s\u00e9roconversion \u00e9lev\u00e9s ont \u00e9t\u00e9 observ\u00e9s chez les adultes \u00e2g\u00e9s de plus de 65 ans apr\u00e8s la premi\u00e8re dose (97,8%) et la deuxi\u00e8me dose (100%).<\/p>\n<p class=\"c4\">Concernant la s\u00e9curit\u00e9 de ce vaccin, les donn\u00e9es publi\u00e9es montrent que les effets ind\u00e9sirables rapport\u00e9s sont g\u00e9n\u00e9ralement plus l\u00e9gers et moins fr\u00e9quents chez les personnes \u00e2g\u00e9es de plus de 65 ans, par rapport aux plus jeunes, fait-on observer.<\/p>\n<p class=\"c4\">Selon le communiqu\u00e9, cet avis est publi\u00e9\u00a0suite aux interrogations soulev\u00e9es ces derniers jours concernant l\u2019efficacit\u00e9 et la s\u00e9curit\u00e9 du vaccin d\u2019AstraZeneca chez la population \u00e2g\u00e9e de 65 ans.<\/p>\n<p>Auteur: Soufiane ELAHMAR<br \/>\n<a href=\"http:\/\/www.mapoujda.ma\/fr\/astrazeneca-peut-etre-utilise-chez-la-population-agee-de-65-ans-et-plus\/\">Cliquez ici pour lire l&rsquo;article depuis sa source.<\/a><\/p>\n","protected":false},"excerpt":{"rendered":"<p>Le minist\u00e8re de la Sant\u00e9 a affirm\u00e9, jeudi, que\u00a0plusieurs \u00e9l\u00e9ments permettent de maintenir l\u2019utilisation du\u00a0vaccin\u00a0AstraZeneca\u00a0pour la tranche d\u2019\u00e2ge de plus de 65 ans, comme pr\u00e9conis\u00e9 initialement dans la strat\u00e9gie nationale de vaccination anti Covid-19. Dans un communiqu\u00e9 relatant l\u2019avis du\u00a0Comit\u00e9 national scientifique adhoc pour l\u2019\u00e9laboration de la strat\u00e9gie vaccinale contre le Sars-Cov-2, le minist\u00e8re de [&hellip;]<\/p>\n","protected":false},"author":1788,"featured_media":0,"comment_status":"closed","ping_status":"closed","sticky":false,"template":"","format":"standard","meta":{"fifu_image_url":"","fifu_image_alt":"","footnotes":""},"categories":[54,76],"tags":[],"class_list":["post-110654","post","type-post","status-publish","format-standard","hentry","category-maroc","category-regions"],"_links":{"self":[{"href":"https:\/\/linitiative.ca\/International\/wp-json\/wp\/v2\/posts\/110654","targetHints":{"allow":["GET"]}}],"collection":[{"href":"https:\/\/linitiative.ca\/International\/wp-json\/wp\/v2\/posts"}],"about":[{"href":"https:\/\/linitiative.ca\/International\/wp-json\/wp\/v2\/types\/post"}],"author":[{"embeddable":true,"href":"https:\/\/linitiative.ca\/International\/wp-json\/wp\/v2\/users\/1788"}],"replies":[{"embeddable":true,"href":"https:\/\/linitiative.ca\/International\/wp-json\/wp\/v2\/comments?post=110654"}],"version-history":[{"count":0,"href":"https:\/\/linitiative.ca\/International\/wp-json\/wp\/v2\/posts\/110654\/revisions"}],"wp:attachment":[{"href":"https:\/\/linitiative.ca\/International\/wp-json\/wp\/v2\/media?parent=110654"}],"wp:term":[{"taxonomy":"category","embeddable":true,"href":"https:\/\/linitiative.ca\/International\/wp-json\/wp\/v2\/categories?post=110654"},{"taxonomy":"post_tag","embeddable":true,"href":"https:\/\/linitiative.ca\/International\/wp-json\/wp\/v2\/tags?post=110654"}],"curies":[{"name":"wp","href":"https:\/\/api.w.org\/{rel}","templated":true}]}}