{"id":110655,"date":"2021-02-04T16:55:58","date_gmt":"2021-02-04T21:55:58","guid":{"rendered":"https:\/\/linitiative.ca\/International\/le-cro-approuve-plusieurs-conventions-de-partenariat\/"},"modified":"2021-02-04T16:55:58","modified_gmt":"2021-02-04T21:55:58","slug":"le-cro-approuve-plusieurs-conventions-de-partenariat","status":"publish","type":"post","link":"https:\/\/linitiative.ca\/International\/le-cro-approuve-plusieurs-conventions-de-partenariat\/","title":{"rendered":"Le CRO approuve plusieurs conventions de partenariat"},"content":{"rendered":"<p class=\"c4\">Le Conseil de la r\u00e9gion de l\u2019Oriental (CRO), r\u00e9uni jeudi \u00e0 Oujda en session extraordinaire, a approuv\u00e9 une s\u00e9rie de conventions de partenariat couvrant plusieurs domaines socio-\u00e9conomiques.<\/p>\n<p class=\"c4\">La session, qui s\u2019est d\u00e9roul\u00e9e sous la pr\u00e9sidence du pr\u00e9sident du Conseil, Abdenbi Bioui en pr\u00e9sence du Wali de la r\u00e9gion de la r\u00e9gion de l\u2019Oriental, gouverneur de la pr\u00e9fecture d\u2019Oujda-Angad, Mouad El Jamai, a \u00e9t\u00e9 marqu\u00e9e \u00e9galement par la pr\u00e9sentation de l\u2019\u00e9tat d\u2019avancement du projet d\u2019\u00e9laboration du Sch\u00e9ma r\u00e9gional d\u2019am\u00e9nagement du territoire (SRAT).<\/p>\n<p class=\"c4\">L\u2019accent a \u00e9t\u00e9 mis \u00e0 cette occasion sur le retard accus\u00e9 dans l\u2019\u00e9laboration de ce document de r\u00e9f\u00e9rence visant \u00e0 d\u00e9gager une vision de d\u00e9veloppement coh\u00e9rente et harmonieuse en d\u00e9finissant les choix et les orientations sur la base d\u2019une approche participative et les pratiques de concertation et de coordination entre l\u2019ensemble des intervenants, en vue d\u2019aboutir \u00e0 une strat\u00e9gie unifi\u00e9e et concert\u00e9e de d\u00e9veloppement traduite en programme d\u2019action consensuel au niveau de la r\u00e9gion.<\/p>\n<p class=\"c4\">Un appel a \u00e9t\u00e9 ainsi lanc\u00e9 pour rem\u00e9dier \u00e0 cette situation par le biais d\u2019une mobilisation totale et efficiente des diff\u00e9rentes parties concern\u00e9es en vue de doter la r\u00e9gion d\u2019un Sch\u00e9ma r\u00e9gional qui traduit une vision strat\u00e9gique concert\u00e9e pour le d\u00e9veloppement de l\u2019ensemble du territoire de la r\u00e9gion projet\u00e9e sur 25 ann\u00e9es.<\/p>\n<p class=\"c4\">A l\u2019ouverture des travaux de cette session extraordinaire, M. Bioui a rappel\u00e9 l\u2019importance accord\u00e9e au niveau de la r\u00e9gion de l\u2019Oriental \u00e0 la r\u00e9alisation, dans le cadre d\u2019une approche participative et de bonne gouvernance, d\u2019un d\u00e9veloppement int\u00e9gr\u00e9 et durable fond\u00e9 sur l\u2019\u00e9quit\u00e9 territoriale.<\/p>\n<p class=\"c4\">Il a soulign\u00e9 dans ce sens la n\u00e9cessit\u00e9 de la conjugaison des efforts de l\u2019ensemble des intervenants pour conforter les acquis et relever les d\u00e9fis du chantier de la r\u00e9gionalisation avanc\u00e9e, faisant remarquer que les points et les questions figurant \u00e0 l\u2019ordre de la session extraordinaire du Conseil rev\u00eatent un caract\u00e8re strat\u00e9gique.<\/p>\n<p><img class=\"wp-image-25220 aligncenter\" data-src=\"http:\/\/www.mapoujda.ma\/map\/uploads\/2021\/02\/Des-membres-du-conseil-de-la-r&#xE9;gion-de-loriental-750&#xD7;430-MAPOUJDA.jpg\" alt=\"\" width=\"576\" height=\"330\" srcset=\"http:\/\/www.mapoujda.ma\/map\/uploads\/2021\/02\/Des-membres-du-conseil-de-la-r&#xE9;gion-de-loriental-750&#xD7;430-MAPOUJDA.jpg 750w, http:\/\/www.mapoujda.ma\/map\/uploads\/2021\/02\/Des-membres-du-conseil-de-la-r&#xE9;gion-de-loriental-750&#xD7;430-MAPOUJDA-300x172.jpg 300w\" sizes=\"(max-width: 576px) 100vw, 576px\"\/><\/p>\n<p class=\"c4\">Ces points, a-t-il expliqu\u00e9, concernent, outre la pr\u00e9sentation des \u00e9tapes franchies dans l\u2019\u00e9laboration du SRAT et ce qui reste \u00e0 faire, l\u2019encouragement de l\u2019investissement et de l\u2019entrepreneuriat, l\u2019appui \u00e0 l\u2019emploi des jeunes, la promotion des secteurs de la sant\u00e9 et du sport, la valorisation des produits locaux, le renforcement de l\u2019attractivit\u00e9 de la r\u00e9gion et l\u2019\u00e9largissement de l\u2019offre de l\u2019enseignement sup\u00e9rieur.<\/p>\n<p class=\"c4\">Les membres du Conseil ont par la suite examin\u00e9 et approuv\u00e9 des conventions de partenariat portant sur la cr\u00e9ation de quatre unit\u00e9s industrielles (d\u00e9corticage des crevettes et traitement des d\u00e9chets textiles), la cr\u00e9ation d\u2019une usine de fabrication de pi\u00e8ces automobiles dans la technopole d\u2019Oujda, ainsi que sur l\u2019accompagnement des petites entreprises et des auto-entrepreneurs de la r\u00e9gion dans le cadre du programme \u00abIntelaka\u00bb.<\/p>\n<p class=\"c4\">Des conventions de partenariat relatives \u00e0 l\u2019appui \u00e0 l\u2019insertion des jeunes dans les bassins d\u2019emploi en dehors de la r\u00e9gion de l\u2019Oriental et \u00e0 l\u2019acquisition de certains \u00e9quipements pour les h\u00f4pitaux et les centres de sant\u00e9 de la r\u00e9gion, ont \u00e9t\u00e9 \u00e9galement adopt\u00e9es, en sus de conventions concernant le domaine du sport (cyclisme, athl\u00e9tisme et p\u00e9tanque), le financement et l\u2019ex\u00e9cution de projets d\u2019auto-emploi dans la province de Figuig, et la valorisation des produits locaux dont jouit la r\u00e9gion et de la fili\u00e8re de production du lait dans deux communes de la province de Jerada.<\/p>\n<p class=\"c4\">La session a connu aussi l\u2019approbation de l\u2019amendement d\u2019une convention de partenariat liant le CRO et l\u2019Universit\u00e9 Mohammed Premier (UMP) pour promouvoir l\u2019offre universitaire dans la r\u00e9gion, en plus de l\u2019amendement d\u2019autres conventions de partenariat portant sur la construction d\u2019une \u00e9cole sup\u00e9rieur de technologie et d\u2019une \u00e9cole sup\u00e9rieure des sciences de l\u2019ing\u00e9nierie \u00e0 Nador, la cr\u00e9ation de la Maison de l\u2019Afrique \u00e0 l\u2019UMP, ainsi que le renforcement de l\u2019investissement et de l\u2019attractivit\u00e9 de la r\u00e9gion.<\/p>\n<p class=\"c4\">Ont \u00e9t\u00e9 \u00e9galement examin\u00e9s et approuv\u00e9s par les membres du Conseil des projets d\u2019amendement de conventions de partenariat visant la r\u00e9alisation et l\u2019\u00e9quipement d\u2019un h\u00f4pital provincial \u00e0 Nador, l\u2019appui \u00e0 l\u2019investissement et la cr\u00e9ation de postes d\u2019emploi, et le cahier des charges r\u00e9gissant le soutien des petites entreprises et des auto-entrepreneurs dans le cadre du Programme \u00abIntelaka\u00bb.<\/p>\n<p class=\"c4\">Le Conseil a enfin adopt\u00e9 un m\u00e9morandum d\u2019entente entre le CRO, le Conseil r\u00e9gional de Tombouctou au Mali et l\u2019Agence de d\u00e9veloppement de l\u2019Oriental pour le renforcement des relations culturelles entre la r\u00e9gion de l\u2019Oriental et celle de Tombouctou.<\/p>\n<p>Auteur: Soufiane ELAHMAR<br \/>\n<a href=\"http:\/\/www.mapoujda.ma\/fr\/le-cro-approuve-plusieurs-conventions-de-partenariat\/\">Cliquez ici pour lire l&rsquo;article depuis sa source.<\/a><\/p>\n","protected":false},"excerpt":{"rendered":"<p>Le Conseil de la r\u00e9gion de l\u2019Oriental (CRO), r\u00e9uni jeudi \u00e0 Oujda en session extraordinaire, a approuv\u00e9 une s\u00e9rie de conventions de partenariat couvrant plusieurs domaines socio-\u00e9conomiques. La session, qui s\u2019est d\u00e9roul\u00e9e sous la pr\u00e9sidence du pr\u00e9sident du Conseil, Abdenbi Bioui en pr\u00e9sence du Wali de la r\u00e9gion de la r\u00e9gion de l\u2019Oriental, gouverneur de [&hellip;]<\/p>\n","protected":false},"author":1788,"featured_media":0,"comment_status":"closed","ping_status":"closed","sticky":false,"template":"","format":"standard","meta":{"fifu_image_url":"http:\/\/www.mapoujda.ma\/map\/uploads\/2021\/02\/Des-membres-du-conseil-de-la-r\u00e9gion-de-loriental-750\u00d7430-MAPOUJDA.jpg","fifu_image_alt":"Le CRO approuve plusieurs conventions de partenariat","footnotes":""},"categories":[54,76],"tags":[],"class_list":["post-110655","post","type-post","status-publish","format-standard","hentry","category-maroc","category-regions"],"_links":{"self":[{"href":"https:\/\/linitiative.ca\/International\/wp-json\/wp\/v2\/posts\/110655","targetHints":{"allow":["GET"]}}],"collection":[{"href":"https:\/\/linitiative.ca\/International\/wp-json\/wp\/v2\/posts"}],"about":[{"href":"https:\/\/linitiative.ca\/International\/wp-json\/wp\/v2\/types\/post"}],"author":[{"embeddable":true,"href":"https:\/\/linitiative.ca\/International\/wp-json\/wp\/v2\/users\/1788"}],"replies":[{"embeddable":true,"href":"https:\/\/linitiative.ca\/International\/wp-json\/wp\/v2\/comments?post=110655"}],"version-history":[{"count":0,"href":"https:\/\/linitiative.ca\/International\/wp-json\/wp\/v2\/posts\/110655\/revisions"}],"wp:attachment":[{"href":"https:\/\/linitiative.ca\/International\/wp-json\/wp\/v2\/media?parent=110655"}],"wp:term":[{"taxonomy":"category","embeddable":true,"href":"https:\/\/linitiative.ca\/International\/wp-json\/wp\/v2\/categories?post=110655"},{"taxonomy":"post_tag","embeddable":true,"href":"https:\/\/linitiative.ca\/International\/wp-json\/wp\/v2\/tags?post=110655"}],"curies":[{"name":"wp","href":"https:\/\/api.w.org\/{rel}","templated":true}]}}