{"id":110656,"date":"2021-02-05T06:24:28","date_gmt":"2021-02-05T11:24:28","guid":{"rendered":"https:\/\/linitiative.ca\/International\/le-gouvernement-semploie-a-realiser-la-relance-economique-en-parallele-avec-la-lutte-contre-la-covid-19\/"},"modified":"2021-02-05T06:24:28","modified_gmt":"2021-02-05T11:24:28","slug":"le-gouvernement-semploie-a-realiser-la-relance-economique-en-parallele-avec-la-lutte-contre-la-covid-19","status":"publish","type":"post","link":"https:\/\/linitiative.ca\/International\/le-gouvernement-semploie-a-realiser-la-relance-economique-en-parallele-avec-la-lutte-contre-la-covid-19\/","title":{"rendered":"Le Gouvernement s\u2019emploie \u00e0 r\u00e9aliser la relance \u00e9conomique en parall\u00e8le avec la lutte contre la Covid-19"},"content":{"rendered":"<p class=\"c4\">Le Chef du gouvernement, Saad Dine El Otmani, a affirm\u00e9 que le gouvernement s\u2019emploie, en parall\u00e8le avec la lutte contre la pand\u00e9mie du nouveau coronavirus, \u00e0 r\u00e9aliser la relance \u00e9conomique dans ses diff\u00e9rents chantiers, notamment \u00e0 travers l\u2019appui \u00e0 l\u2019investissement public et priv\u00e9.<\/p>\n<p class=\"c4\">Dans une allocution \u00e0 l\u2019occasion des travaux du Conseil de gouvernement, M. El Otmani est revenu sur la deuxi\u00e8me r\u00e9union de la commission minist\u00e9rielle de pilotage de la r\u00e9forme des Centres r\u00e9gionaux d\u2019investissement (CRI), charg\u00e9e de suivre le fonctionnement de ces Centres et de se pencher sur le traitement des recours re\u00e7us de la part des investisseurs dont les dossiers ont \u00e9t\u00e9 rejet\u00e9s au niveau des commissions r\u00e9gionales d\u2019investissement.<\/p>\n<p class=\"c4\">Le Chef du gouvernement a soulign\u00e9, dans ce sens, que l\u2019ann\u00e9e 2019 a connu l\u2019ach\u00e8vement de toutes les mesures n\u00e9cessaires pour la mise en place de cette r\u00e9forme, en termes notamment de cr\u00e9ation de commissions r\u00e9gionales unifi\u00e9es d\u2019investissement (CRUI), de publication d\u2019un d\u00e9cret d\u2019application de la loi relative \u00e0 la r\u00e9forme des CRI, d\u2019aboutissement de la transformation des CRI en \u00e9tablissements publics jouissant de l\u2019autonomie administrative et financi\u00e8re, d\u2019\u00e9largissement de leur champ de comp\u00e9tences et de missions et d\u2019adoption de la d\u00e9concentration administrative en ce qui concerne l\u2019\u00e9tude et l\u2019octroi des autorisations n\u00e9cessaires pour la r\u00e9alisation des projets d\u2019investissement, avant que ces Centres ne proc\u00e8dent, de facto, d\u00e9but 2020, \u00e0 offrir leurs services aux investisseurs sous la nouvelle forme.<\/p>\n<p class=\"c4\">Il a en outre soulign\u00e9 que la premi\u00e8re ann\u00e9e de travail selon le nouveau syst\u00e8me a permis d\u2019enregistrer des r\u00e9sultats \u00ab\u00a0tr\u00e8s encourageants\u00a0\u00bb, gr\u00e2ce notamment au d\u00e9veloppement positif et important d\u2019un ensemble d\u2019indicateurs li\u00e9s, en particulier, \u00e0 la multiplication des r\u00e9unions des CRUI dont le nombre a atteint 700 r\u00e9unions au cours de 2020, \u00e0 raison de 5 r\u00e9unions par mois pour chaque r\u00e9gion, et la r\u00e9duction de la dur\u00e9e du traitement des dossiers, qui se situe \u00e0 27 jours au lieu de plus de 100 jours ces derni\u00e8res ann\u00e9es, ainsi que l\u2019augmentation notable du nombre des dossiers trait\u00e9s \u00e0 plus 2.654 dossiers et dont plus de 59% d\u2019entre eux ont \u00e9t\u00e9 approuv\u00e9s.<\/p>\n<p class=\"c4\">M. El Otmani a, \u00e0 cet effet, expliqu\u00e9 que parmi les dossiers non approuv\u00e9s, 93 ont fait l\u2019objet d\u2019un recours aupr\u00e8s des Walis dont 28 ont \u00e9t\u00e9 approuv\u00e9s apr\u00e8s r\u00e9vision du dossier, tandis que cinq investisseurs ont adress\u00e9 leurs recours \u00e0 la commission inter-minist\u00e9rielle de pilotage, indiquant que l\u2019augmentation du taux de num\u00e9risation des diff\u00e9rentes op\u00e9rations li\u00e9es aux CRI et aux commissions r\u00e9gionales d\u2019investissement permettra de renforcer ces r\u00e9sultats, notamment apr\u00e8s l\u2019adoption, cette ann\u00e9e, de la plateforme num\u00e9rique CRI Invest, qui permet le traitement \u00e9lectronique des dossiers ainsi que la simplification des proc\u00e9dures de demandes de r\u00e9vision et de recours, tout en veillant \u00e0 leur traitement et \u00e0 informer les concern\u00e9s de leur issue dans le respect des d\u00e9lais fix\u00e9s.<\/p>\n<p class=\"c4\">Le Chef du gouvernement a salu\u00e9 ce d\u00e9but prometteur et les efforts de l\u2019ensemble des secteurs et \u00e9tablissements impliqu\u00e9s dans cet important chantier de r\u00e9forme, responsables et cadres, et notamment le minist\u00e8re de l\u2019Int\u00e9rieur, en charge du secr\u00e9tariat de la Commission inter-minist\u00e9rielle de pilotage.<\/p>\n<p class=\"c4\">M. El Otamni a, par ailleurs, relev\u00e9 avec satisfaction le bon d\u00e9veloppement que conna\u00eet la campagne nationale de vaccination contre Covid-19, lanc\u00e9e par Sa Majest\u00e9 le Roi Mohammed VI, affirmant que les indicateurs li\u00e9s \u00e0 l\u2019\u00e9volution de la pand\u00e9mie de Covid-19 dans le pays indiquent une ma\u00eetrise relative de la pand\u00e9mie, gr\u00e2ce aux efforts d\u00e9ploy\u00e9s par le Royaume sous le leadership clairvoyant de SM le Roi et un ensemble de mesures de pr\u00e9caution sanitaires respect\u00e9es, g\u00e9n\u00e9ralement, par les citoyens dans un cadre de r\u00e9activit\u00e9 et de collaboration.<\/p>\n<p class=\"c4\">Il a, \u00e0 cet effet, indiqu\u00e9 que le nombre des cas de contamination a significativement baiss\u00e9 et que le taux d\u2019occupation des lits en r\u00e9animation r\u00e9serv\u00e9s aux cas Covid-19 a aussi diminu\u00e9, passant ainsi de 34% \u00e0 environ 20% actuellement, ajoutant que les d\u00e9c\u00e8s quotidiens, qui enregistraient des taux \u00e9lev\u00e9s auparavant, ont nettement baiss\u00e9.<\/p>\n<p>Auteur: Soufiane ELAHMAR<br \/>\n<a href=\"http:\/\/www.mapoujda.ma\/fr\/le-gouvernement-semploie-a-realiser-la-relance-economique-en-parallele-avec-la-lutte-contre-la-covid-19\/\">Cliquez ici pour lire l&rsquo;article depuis sa source.<\/a><\/p>\n","protected":false},"excerpt":{"rendered":"<p>Le Chef du gouvernement, Saad Dine El Otmani, a affirm\u00e9 que le gouvernement s\u2019emploie, en parall\u00e8le avec la lutte contre la pand\u00e9mie du nouveau coronavirus, \u00e0 r\u00e9aliser la relance \u00e9conomique dans ses diff\u00e9rents chantiers, notamment \u00e0 travers l\u2019appui \u00e0 l\u2019investissement public et priv\u00e9. Dans une allocution \u00e0 l\u2019occasion des travaux du Conseil de gouvernement, M. [&hellip;]<\/p>\n","protected":false},"author":1788,"featured_media":0,"comment_status":"closed","ping_status":"closed","sticky":false,"template":"","format":"standard","meta":{"fifu_image_url":"","fifu_image_alt":"","footnotes":""},"categories":[54,76],"tags":[],"class_list":["post-110656","post","type-post","status-publish","format-standard","hentry","category-maroc","category-regions"],"_links":{"self":[{"href":"https:\/\/linitiative.ca\/International\/wp-json\/wp\/v2\/posts\/110656","targetHints":{"allow":["GET"]}}],"collection":[{"href":"https:\/\/linitiative.ca\/International\/wp-json\/wp\/v2\/posts"}],"about":[{"href":"https:\/\/linitiative.ca\/International\/wp-json\/wp\/v2\/types\/post"}],"author":[{"embeddable":true,"href":"https:\/\/linitiative.ca\/International\/wp-json\/wp\/v2\/users\/1788"}],"replies":[{"embeddable":true,"href":"https:\/\/linitiative.ca\/International\/wp-json\/wp\/v2\/comments?post=110656"}],"version-history":[{"count":0,"href":"https:\/\/linitiative.ca\/International\/wp-json\/wp\/v2\/posts\/110656\/revisions"}],"wp:attachment":[{"href":"https:\/\/linitiative.ca\/International\/wp-json\/wp\/v2\/media?parent=110656"}],"wp:term":[{"taxonomy":"category","embeddable":true,"href":"https:\/\/linitiative.ca\/International\/wp-json\/wp\/v2\/categories?post=110656"},{"taxonomy":"post_tag","embeddable":true,"href":"https:\/\/linitiative.ca\/International\/wp-json\/wp\/v2\/tags?post=110656"}],"curies":[{"name":"wp","href":"https:\/\/api.w.org\/{rel}","templated":true}]}}