{"id":110665,"date":"2021-02-05T10:30:00","date_gmt":"2021-02-05T15:30:00","guid":{"rendered":"https:\/\/linitiative.ca\/International\/le-onze-national-poursuit-sa-preparation\/"},"modified":"2021-02-05T10:30:00","modified_gmt":"2021-02-05T15:30:00","slug":"le-onze-national-poursuit-sa-preparation","status":"publish","type":"post","link":"https:\/\/linitiative.ca\/International\/le-onze-national-poursuit-sa-preparation\/","title":{"rendered":"Le Onze national poursuit sa pr\u00e9paration"},"content":{"rendered":"<p class=\"p1 c3\"><span class=\"c2\">La s\u00e9lection nationale juniors de football (natifs de 2001) a effectu\u00e9 mercredi deux s\u00e9ances d\u2019entrainement dans le cadre de sa pr\u00e9paration en pr\u00e9vision de la phase finale de la Coupe d\u2019Afrique des nations (U20), pr\u00e9vue en Mauritanie (14 f\u00e9vrier-4 mars).<\/span><\/p>\n<p class=\"p1 c3\"><span class=\"c2\">La premi\u00e8re s\u00e9ance qui a r\u00e9uni 19 joueurs s\u2019est d\u00e9roul\u00e9e le matin dans le stade de la cit\u00e9 des jeunes d\u2019El Menzah et a permis au staff technique de tester quelques sch\u00e9mas tactiques, tandis que la s\u00e9ance de l\u2019apr\u00e8s-midi a \u00e9t\u00e9 effectu\u00e9e \u00e0 la salle de musculation du lieu de r\u00e9sidence du onze national et a \u00e9t\u00e9 consacr\u00e9e aux exercices physiques.<\/span><\/p>\n<p class=\"p1 c3\"><span class=\"c2\">Pour rappel, lors de la phase finale de la CAN U20, la Tunisie \u00e9voluera dans le Groupe B avec le Burkina Faso, la Namibie et la R\u00e9publique centrafricaine.<\/span><\/p>\n<p class=\"p1 c3\"><span class=\"c2\">Voici le programme des matches de la s\u00e9lection nationale pr\u00e9vus \u00e0 Nouakchott:<\/span><\/p>\n<p class=\"p1 c3\"><span class=\"c2\"><strong>1ere journ\u00e9e:<\/strong> 15 f\u00e9vrier 2021<\/span><\/p>\n<p class=\"p1 c3\"><span class=\"c2\">Tunisie &#8211; Burkina Faso<\/span><\/p>\n<p class=\"p1 c3\"><span class=\"c2\"><strong>2e journ\u00e9e:<\/strong> 18 f\u00e9vrier 2021<\/span><\/p>\n<p class=\"p1 c3\"><span class=\"c2\">Tunisie \u2013 Namibie<\/span><\/p>\n<p class=\"p1 c3\"><span class=\"c2\"><strong>3e journ\u00e9e:<\/strong> 21 f\u00e9vrier 2021<\/span><\/p>\n<p class=\"p1 c3\"><span class=\"c2\">Tunisie &#8211; R. Centrafrique<\/span><\/p>\n<p class=\"p1 c3\"><span class=\"c2\"><strong>NB<\/strong>: <em>A l\u2019issue de ce premier tour, les deux premiers de chacun des trois groupes ainsi que les deux meilleurs troisi\u00e8mes se qualifient pour les quarts de finale de la comp\u00e9tition.<\/em><\/span><\/p>\n<p>Auteur: letemps1<br \/>\n<a href=\"http:\/\/www.letemps.com.tn\/article\/119148\/le-onze-national-poursuit-sa-pr%C3%A9paration\">Cliquez ici pour lire l&rsquo;article depuis sa source.<\/a><\/p>\n","protected":false},"excerpt":{"rendered":"<p>La s\u00e9lection nationale juniors de football (natifs de 2001) a effectu\u00e9 mercredi deux s\u00e9ances d\u2019entrainement dans le cadre de sa pr\u00e9paration en pr\u00e9vision de la phase finale de la Coupe d\u2019Afrique des nations (U20), pr\u00e9vue en Mauritanie (14 f\u00e9vrier-4 mars). La premi\u00e8re s\u00e9ance qui a r\u00e9uni 19 joueurs s\u2019est d\u00e9roul\u00e9e le matin dans le stade [&hellip;]<\/p>\n","protected":false},"author":1773,"featured_media":0,"comment_status":"closed","ping_status":"closed","sticky":false,"template":"","format":"standard","meta":{"fifu_image_url":"","fifu_image_alt":"","footnotes":""},"categories":[73,55],"tags":[],"class_list":["post-110665","post","type-post","status-publish","format-standard","hentry","category-actualite","category-tunisie"],"_links":{"self":[{"href":"https:\/\/linitiative.ca\/International\/wp-json\/wp\/v2\/posts\/110665","targetHints":{"allow":["GET"]}}],"collection":[{"href":"https:\/\/linitiative.ca\/International\/wp-json\/wp\/v2\/posts"}],"about":[{"href":"https:\/\/linitiative.ca\/International\/wp-json\/wp\/v2\/types\/post"}],"author":[{"embeddable":true,"href":"https:\/\/linitiative.ca\/International\/wp-json\/wp\/v2\/users\/1773"}],"replies":[{"embeddable":true,"href":"https:\/\/linitiative.ca\/International\/wp-json\/wp\/v2\/comments?post=110665"}],"version-history":[{"count":0,"href":"https:\/\/linitiative.ca\/International\/wp-json\/wp\/v2\/posts\/110665\/revisions"}],"wp:attachment":[{"href":"https:\/\/linitiative.ca\/International\/wp-json\/wp\/v2\/media?parent=110665"}],"wp:term":[{"taxonomy":"category","embeddable":true,"href":"https:\/\/linitiative.ca\/International\/wp-json\/wp\/v2\/categories?post=110665"},{"taxonomy":"post_tag","embeddable":true,"href":"https:\/\/linitiative.ca\/International\/wp-json\/wp\/v2\/tags?post=110665"}],"curies":[{"name":"wp","href":"https:\/\/api.w.org\/{rel}","templated":true}]}}