{"id":110666,"date":"2021-02-05T10:30:00","date_gmt":"2021-02-05T15:30:00","guid":{"rendered":"https:\/\/linitiative.ca\/International\/le-societaire-du-real-hazard-encore-blesse\/"},"modified":"2021-02-05T10:30:00","modified_gmt":"2021-02-05T15:30:00","slug":"le-societaire-du-real-hazard-encore-blesse","status":"publish","type":"post","link":"https:\/\/linitiative.ca\/International\/le-societaire-du-real-hazard-encore-blesse\/","title":{"rendered":"Le soci\u00e9taire du Real, Hazard encore bless\u00e9"},"content":{"rendered":"<p class=\"p1 c3\"><span class=\"c2\">Le Real Madrid a annonc\u00e9, mercredi, que son attaquant belge Eden Hazard souffre d\u2019une \u00abblessure musculaire\u00bb \u00e0 la cuisse gauche.<\/span><\/p>\n<p class=\"p1 c3\"><span class=\"c2\">\u00abNotre joueur Eden Hazard est victime d\u2019une blessure musculaire au niveau de la cuisse gauche\u00bb, pr\u00e9cise le club madril\u00e8ne dans un communiqu\u00e9.<\/span><\/p>\n<p class=\"p1 c3\"><span class=\"c2\">Selon les m\u00e9dias sportifs espagnols, Hazard pourrait \u00eatre \u00e9loign\u00e9 des terrains de jeu pendant au moins quatre semaines.<\/span><\/p>\n<p class=\"p1 c3\"><span class=\"c2\">Ainsi, il serait absent lors du match-aller des huiti\u00e8mes de finale de Ligue des Champions face \u00e0 l\u2019Atalanta, pr\u00e9vu le 24 f\u00e9vrier.<\/span><\/p>\n<p class=\"p1 c3\"><span class=\"c2\">Il perdra \u00e9galement plusieurs matchs de la Liga, plus particuli\u00e8rement le derby de Madrid face \u00e0 l\u2019Atletico, le 7 mars prochain.<\/span><\/p>\n<p class=\"p1 c3\"><span class=\"c2\">Depuis son arriv\u00e9 au Real Madrid, l\u2019attaquant belge souffre un calvaire \u00e0 cause des blessures.<\/span><\/p>\n<p>Auteur: letemps1<br \/>\n<a href=\"http:\/\/www.letemps.com.tn\/article\/119149\/le-soci%C3%A9taire-du-real-hazard-encore-bless%C3%A9\">Cliquez ici pour lire l&rsquo;article depuis sa source.<\/a><\/p>\n","protected":false},"excerpt":{"rendered":"<p>Le Real Madrid a annonc\u00e9, mercredi, que son attaquant belge Eden Hazard souffre d\u2019une \u00abblessure musculaire\u00bb \u00e0 la cuisse gauche. \u00abNotre joueur Eden Hazard est victime d\u2019une blessure musculaire au niveau de la cuisse gauche\u00bb, pr\u00e9cise le club madril\u00e8ne dans un communiqu\u00e9. Selon les m\u00e9dias sportifs espagnols, Hazard pourrait \u00eatre \u00e9loign\u00e9 des terrains de jeu [&hellip;]<\/p>\n","protected":false},"author":1773,"featured_media":0,"comment_status":"closed","ping_status":"closed","sticky":false,"template":"","format":"standard","meta":{"fifu_image_url":"","fifu_image_alt":"","footnotes":""},"categories":[73,55],"tags":[],"class_list":["post-110666","post","type-post","status-publish","format-standard","hentry","category-actualite","category-tunisie"],"_links":{"self":[{"href":"https:\/\/linitiative.ca\/International\/wp-json\/wp\/v2\/posts\/110666","targetHints":{"allow":["GET"]}}],"collection":[{"href":"https:\/\/linitiative.ca\/International\/wp-json\/wp\/v2\/posts"}],"about":[{"href":"https:\/\/linitiative.ca\/International\/wp-json\/wp\/v2\/types\/post"}],"author":[{"embeddable":true,"href":"https:\/\/linitiative.ca\/International\/wp-json\/wp\/v2\/users\/1773"}],"replies":[{"embeddable":true,"href":"https:\/\/linitiative.ca\/International\/wp-json\/wp\/v2\/comments?post=110666"}],"version-history":[{"count":0,"href":"https:\/\/linitiative.ca\/International\/wp-json\/wp\/v2\/posts\/110666\/revisions"}],"wp:attachment":[{"href":"https:\/\/linitiative.ca\/International\/wp-json\/wp\/v2\/media?parent=110666"}],"wp:term":[{"taxonomy":"category","embeddable":true,"href":"https:\/\/linitiative.ca\/International\/wp-json\/wp\/v2\/categories?post=110666"},{"taxonomy":"post_tag","embeddable":true,"href":"https:\/\/linitiative.ca\/International\/wp-json\/wp\/v2\/tags?post=110666"}],"curies":[{"name":"wp","href":"https:\/\/api.w.org\/{rel}","templated":true}]}}