{"id":110667,"date":"2021-02-05T15:14:07","date_gmt":"2021-02-05T20:14:07","guid":{"rendered":"https:\/\/linitiative.ca\/International\/pros-une-ancienne-legende-de-city-evoque-mahrez\/"},"modified":"2021-02-05T15:14:07","modified_gmt":"2021-02-05T20:14:07","slug":"pros-une-ancienne-legende-de-city-evoque-mahrez","status":"publish","type":"post","link":"https:\/\/linitiative.ca\/International\/pros-une-ancienne-legende-de-city-evoque-mahrez\/","title":{"rendered":"Pros : Une ancienne l\u00e9gende de City \u00e9voque Mahrez"},"content":{"rendered":"<div readability=\"32\">\n<p>Auteur : <span>Moumen A.<\/span> <span class=\"time\">vendredi 05 f\u00e9vrier 2021 14:09<\/span><\/p>\n<\/div>\n<div id=\"post_core\" readability=\"42\">\n<p><strong>Shaun Goater\u00a0:\u00a0\u00ab\u00a0Mahrez joue un r\u00f4le cl\u00e9 dans les performances de City\u00a0\u00bb<\/strong><\/p>\n<p>L\u2019ancien joueur\u00a0 de Manchester City, Shaun Goater a dans des d\u00e9clarations accord\u00e9es \u00e0 la presse anglaise qualifi\u00e9 la prestation de l\u2019Alg\u00e9rien Riyad Mahrez de\u00a0 \u00ab\u00a0magique\u00a0\u00bb\u00a0 dans ce 13e match de\u00a0 suite gagn\u00e9 par Manchester City\u00a0 \u00e0 Burnley. L\u2019ancienne l\u00e9gende du club n\u2019a pas tari d\u2019\u00e9loges sur le capitaine d\u2019\u00e9quipe de l\u2019EN.\u00a0 \u00ab\u00a0 Mahrez \u00e9tait en bonne forme contre Burnley mercredi, car il a jou\u00e9 un r\u00f4le cl\u00e9 dans le deuxi\u00e8me but crucial de City qui a tu\u00e9 le match juste avant la mi-temps. Il n&rsquo;a pas eu de chance de ne pas marquer lui-m\u00eame en seconde p\u00e9riode, la VAR ayant jug\u00e9\u00a0 qu&rsquo;il \u00e9tait l\u00e9g\u00e8rement hors-jeu mais il a \u00e9t\u00e9 tr\u00e8s bon\u00a0\u00bb<\/p>\n<p><strong>Moumen A.<\/strong><\/p>\n<p><strong>Publi\u00e9 dans :<\/strong> <span>Riyad Mahrez<\/span><\/p>\n<\/div>\n<p>Auteur:<br \/>\n<a href=\"http:\/\/www.lebuteur.com\/article\/detail?titre=une-ancienne-legende-de-city-evoque-mahrez&#038;id=98964&#038;utm_source=feedburner&#038;utm_medium=feed&#038;utm_campaign=Feed%3A+GalerieFArtciles+%28Les+derniers+articles++-+lebuteur.com%29\">Cliquez ici pour lire l&rsquo;article depuis sa source.<\/a><\/p>\n","protected":false},"excerpt":{"rendered":"<p>Auteur : Moumen A. vendredi 05 f\u00e9vrier 2021 14:09 Shaun Goater\u00a0:\u00a0\u00ab\u00a0Mahrez joue un r\u00f4le cl\u00e9 dans les performances de City\u00a0\u00bb L\u2019ancien joueur\u00a0 de Manchester City, Shaun Goater a dans des d\u00e9clarations accord\u00e9es \u00e0 la presse anglaise qualifi\u00e9 la prestation de l\u2019Alg\u00e9rien Riyad Mahrez de\u00a0 \u00ab\u00a0magique\u00a0\u00bb\u00a0 dans ce 13e match de\u00a0 suite gagn\u00e9 par Manchester City\u00a0 [&hellip;]<\/p>\n","protected":false},"author":1738,"featured_media":0,"comment_status":"closed","ping_status":"closed","sticky":false,"template":"","format":"standard","meta":{"fifu_image_url":"\/\/cdn.lebuteur.com\/data\/images\/article\/thumbs\/large-98964une-ancienne-legende-de-city-evoque-mahrez-74d3e.jpg","fifu_image_alt":"Pros : Une ancienne l\u00e9gende de City \u00e9voque Mahrez","footnotes":""},"categories":[53,75],"tags":[],"class_list":["post-110667","post","type-post","status-publish","format-standard","hentry","category-algerie","category-sport"],"_links":{"self":[{"href":"https:\/\/linitiative.ca\/International\/wp-json\/wp\/v2\/posts\/110667","targetHints":{"allow":["GET"]}}],"collection":[{"href":"https:\/\/linitiative.ca\/International\/wp-json\/wp\/v2\/posts"}],"about":[{"href":"https:\/\/linitiative.ca\/International\/wp-json\/wp\/v2\/types\/post"}],"author":[{"embeddable":true,"href":"https:\/\/linitiative.ca\/International\/wp-json\/wp\/v2\/users\/1738"}],"replies":[{"embeddable":true,"href":"https:\/\/linitiative.ca\/International\/wp-json\/wp\/v2\/comments?post=110667"}],"version-history":[{"count":0,"href":"https:\/\/linitiative.ca\/International\/wp-json\/wp\/v2\/posts\/110667\/revisions"}],"wp:attachment":[{"href":"https:\/\/linitiative.ca\/International\/wp-json\/wp\/v2\/media?parent=110667"}],"wp:term":[{"taxonomy":"category","embeddable":true,"href":"https:\/\/linitiative.ca\/International\/wp-json\/wp\/v2\/categories?post=110667"},{"taxonomy":"post_tag","embeddable":true,"href":"https:\/\/linitiative.ca\/International\/wp-json\/wp\/v2\/tags?post=110667"}],"curies":[{"name":"wp","href":"https:\/\/api.w.org\/{rel}","templated":true}]}}