{"id":110668,"date":"2021-02-05T15:14:10","date_gmt":"2021-02-05T20:14:10","guid":{"rendered":"https:\/\/linitiative.ca\/International\/international-real-face-a-la-presse-zidane-senerve-et-demande-du-respect\/"},"modified":"2021-02-05T15:14:10","modified_gmt":"2021-02-05T20:14:10","slug":"international-real-face-a-la-presse-zidane-senerve-et-demande-du-respect","status":"publish","type":"post","link":"https:\/\/linitiative.ca\/International\/international-real-face-a-la-presse-zidane-senerve-et-demande-du-respect\/","title":{"rendered":"International : Real : Face \u00e0 la presse, Zidane s&rsquo;\u00e9n\u00e8rve et demande du respect"},"content":{"rendered":"<div readability=\"32\">\n<p>Auteur : <span class=\"time\">vendredi 05 f\u00e9vrier 2021 18:55<\/span><\/p>\n<\/div>\n<div id=\"post_core\" readability=\"62\">\n<p>Agac\u00e9 par les sp\u00e9culations incessantes sur son avenir, Zin\u00e9dine Zidane demand\u00e9 du \u00ab\u00a0respect\u00a0\u00bb \u00e0 la presse espagnole vendredi. \u00ab\u00a0D\u00e8s qu&rsquo;on perd ou qu&rsquo;on fait match nul, je dois partir, a souffl\u00e9 l&rsquo;entra\u00eeneur du Real Madrid, 3e de Liga \u00e0 10 points de l&rsquo;Atl\u00e9tico avant son match sur la pelouse de Huesca samedi (16h15). Je ne suis pas content, et je suis m\u00eame tr\u00e8s \u00e9nerv\u00e9, parce que je pense que je ne m\u00e9rite pas un tel traitement.\u00a0\u00bb<\/p>\n<p>\u00ab\u00a0Nous allons nous battre, et moi le premier, en tant qu&rsquo;entra\u00eeneur, a soutenu Zidane. J&rsquo;ai toujours dit que j&rsquo;avais de la chance d&rsquo;\u00eatre ici et je ne vais pas abandonner. Tout le monde parle beaucoup, c&rsquo;est vrai que la situation n&rsquo;est pas facile, nous n&rsquo;avons pas gagn\u00e9 assez de matches, mais nous avons vraiment envie de changer cette situation et c&rsquo;est ce que nous allons essayer de faire.\u00a0\u00bb<\/p>\n<p>\u00ab\u00a0Il faut nous laisser travailler\u00a0\u00bb, a demand\u00e9 Zizou, pour qui il vaudrait mieux \u00ab\u00a0attendre la saison prochaine pour d\u00e9cider s\u2019il faut faire autrement, changer certaines choses. En attendant, nous avons le droit de continuer \u00e0 nous battre\u00a0\u00bb. Des propos relay\u00e9s par L&rsquo;Equipe.<\/p>\n<p><strong>Publi\u00e9 dans :<\/strong> <span>real madrid<\/span><\/p>\n<\/div>\n<p>Auteur:<br \/>\n<a href=\"http:\/\/www.lebuteur.com\/article\/detail?titre=real-face-a-la-presse-zidane-senerve-et-demande-du-respect&#038;id=98965&#038;utm_source=feedburner&#038;utm_medium=feed&#038;utm_campaign=Feed%3A+GalerieFArtciles+%28Les+derniers+articles++-+lebuteur.com%29\">Cliquez ici pour lire l&rsquo;article depuis sa source.<\/a><\/p>\n","protected":false},"excerpt":{"rendered":"<p>Auteur : vendredi 05 f\u00e9vrier 2021 18:55 Agac\u00e9 par les sp\u00e9culations incessantes sur son avenir, Zin\u00e9dine Zidane demand\u00e9 du \u00ab\u00a0respect\u00a0\u00bb \u00e0 la presse espagnole vendredi. \u00ab\u00a0D\u00e8s qu&rsquo;on perd ou qu&rsquo;on fait match nul, je dois partir, a souffl\u00e9 l&rsquo;entra\u00eeneur du Real Madrid, 3e de Liga \u00e0 10 points de l&rsquo;Atl\u00e9tico avant son match sur la [&hellip;]<\/p>\n","protected":false},"author":1738,"featured_media":0,"comment_status":"closed","ping_status":"closed","sticky":false,"template":"","format":"standard","meta":{"fifu_image_url":"\/\/cdn.lebuteur.com\/data\/images\/article\/thumbs\/large-real-face-a-la-presse-zidane-senerve-et-demande-du-respect-2abb2.jpg","fifu_image_alt":"International : Real : Face \u00e0 la presse, Zidane s'\u00e9n\u00e8rve et demande du respect","footnotes":""},"categories":[53,75],"tags":[],"class_list":["post-110668","post","type-post","status-publish","format-standard","hentry","category-algerie","category-sport"],"_links":{"self":[{"href":"https:\/\/linitiative.ca\/International\/wp-json\/wp\/v2\/posts\/110668","targetHints":{"allow":["GET"]}}],"collection":[{"href":"https:\/\/linitiative.ca\/International\/wp-json\/wp\/v2\/posts"}],"about":[{"href":"https:\/\/linitiative.ca\/International\/wp-json\/wp\/v2\/types\/post"}],"author":[{"embeddable":true,"href":"https:\/\/linitiative.ca\/International\/wp-json\/wp\/v2\/users\/1738"}],"replies":[{"embeddable":true,"href":"https:\/\/linitiative.ca\/International\/wp-json\/wp\/v2\/comments?post=110668"}],"version-history":[{"count":0,"href":"https:\/\/linitiative.ca\/International\/wp-json\/wp\/v2\/posts\/110668\/revisions"}],"wp:attachment":[{"href":"https:\/\/linitiative.ca\/International\/wp-json\/wp\/v2\/media?parent=110668"}],"wp:term":[{"taxonomy":"category","embeddable":true,"href":"https:\/\/linitiative.ca\/International\/wp-json\/wp\/v2\/categories?post=110668"},{"taxonomy":"post_tag","embeddable":true,"href":"https:\/\/linitiative.ca\/International\/wp-json\/wp\/v2\/tags?post=110668"}],"curies":[{"name":"wp","href":"https:\/\/api.w.org\/{rel}","templated":true}]}}