{"id":110669,"date":"2021-02-05T15:14:12","date_gmt":"2021-02-05T20:14:12","guid":{"rendered":"https:\/\/linitiative.ca\/International\/pros-ldc-le-duel-entre-mahrez-et-bensebaini-pourrait-se-derouler-au-danemark\/"},"modified":"2021-02-05T15:14:12","modified_gmt":"2021-02-05T20:14:12","slug":"pros-ldc-le-duel-entre-mahrez-et-bensebaini-pourrait-se-derouler-au-danemark","status":"publish","type":"post","link":"https:\/\/linitiative.ca\/International\/pros-ldc-le-duel-entre-mahrez-et-bensebaini-pourrait-se-derouler-au-danemark\/","title":{"rendered":"Pros : LDC : Le duel entre Mahrez et Bensebaini pourrait se d\u00e9rouler au Danemark"},"content":{"rendered":"<div readability=\"32\">\n<p>Auteur : <span class=\"time\">vendredi 05 f\u00e9vrier 2021 19:20<\/span><\/p>\n<\/div>\n<div id=\"post_core\" readability=\"53\">\n<p>Apr\u00e8s Leipzig, contraint de jouer son huiti\u00e8me de finale aller de Ligue des champions contre Liverpool hors d&rsquo;Allemagne, M\u00f6nchengladbach r\u00e9fl\u00e9chit d\u00e9sormais \u00e0 d\u00e9localiser au Danemark son propre match contre Manchester City, programm\u00e9 le 24\u00a0f\u00e9vrier comme l&rsquo;indique L&rsquo;Equipe.<\/p>\n<p>Le r\u00e8glement anti-Covid du gouvernement allemand, qui interdit aux Britanniques d&rsquo;entrer en Allemagne, est officiellement en vigueur jusqu&rsquo;au 17\u00a0f\u00e9vrier (le match Leipzig-Liverpool est programm\u00e9 le 16), mais pourrait fort bien \u00eatre prolong\u00e9 compte tenu de l&rsquo;\u00e9volution de la situation sanitaire en Europe.<\/p>\n<p>Le directeur sportif du Borussia, Max Eberl, a pr\u00e9cis\u00e9 vendredi qu&rsquo;il avait \u00ab\u00a0fait une demande\u00a0au FC Midtjylland\u00a0mais aussi \u00e0 d&rsquo;autres clubs\u00a0\u00bb. Une permutation des matches aller et retour avec City n&rsquo;est pas non plus exclue, a pr\u00e9cis\u00e9 Eberl, le retour \u00e9tant pr\u00e9vu le 16\u00a0mars.<\/p>\n<p><strong>Publi\u00e9 dans :<\/strong> <span>Mahrez<\/span><\/p>\n<\/div>\n<p>Auteur:<br \/>\n<a href=\"http:\/\/www.lebuteur.com\/article\/detail?titre=ldc-le-duel-entre-mahrez-et-bensebaini-pourrait-se-derouler-au-danemark&#038;id=98966&#038;utm_source=feedburner&#038;utm_medium=feed&#038;utm_campaign=Feed%3A+GalerieFArtciles+%28Les+derniers+articles++-+lebuteur.com%29\">Cliquez ici pour lire l&rsquo;article depuis sa source.<\/a><\/p>\n","protected":false},"excerpt":{"rendered":"<p>Auteur : vendredi 05 f\u00e9vrier 2021 19:20 Apr\u00e8s Leipzig, contraint de jouer son huiti\u00e8me de finale aller de Ligue des champions contre Liverpool hors d&rsquo;Allemagne, M\u00f6nchengladbach r\u00e9fl\u00e9chit d\u00e9sormais \u00e0 d\u00e9localiser au Danemark son propre match contre Manchester City, programm\u00e9 le 24\u00a0f\u00e9vrier comme l&rsquo;indique L&rsquo;Equipe. Le r\u00e8glement anti-Covid du gouvernement allemand, qui interdit aux Britanniques d&rsquo;entrer [&hellip;]<\/p>\n","protected":false},"author":1738,"featured_media":0,"comment_status":"closed","ping_status":"closed","sticky":false,"template":"","format":"standard","meta":{"fifu_image_url":"\/\/cdn.lebuteur.com\/data\/images\/article\/thumbs\/large-ldc-le-duel-entre-mahrez-et-bensebaini-pourrait-se-derouler-au-danemark-a5666.jpg","fifu_image_alt":"Pros : LDC : Le duel entre Mahrez et Bensebaini pourrait se d\u00e9rouler au Danemark","footnotes":""},"categories":[53,75],"tags":[],"class_list":["post-110669","post","type-post","status-publish","format-standard","hentry","category-algerie","category-sport"],"_links":{"self":[{"href":"https:\/\/linitiative.ca\/International\/wp-json\/wp\/v2\/posts\/110669","targetHints":{"allow":["GET"]}}],"collection":[{"href":"https:\/\/linitiative.ca\/International\/wp-json\/wp\/v2\/posts"}],"about":[{"href":"https:\/\/linitiative.ca\/International\/wp-json\/wp\/v2\/types\/post"}],"author":[{"embeddable":true,"href":"https:\/\/linitiative.ca\/International\/wp-json\/wp\/v2\/users\/1738"}],"replies":[{"embeddable":true,"href":"https:\/\/linitiative.ca\/International\/wp-json\/wp\/v2\/comments?post=110669"}],"version-history":[{"count":0,"href":"https:\/\/linitiative.ca\/International\/wp-json\/wp\/v2\/posts\/110669\/revisions"}],"wp:attachment":[{"href":"https:\/\/linitiative.ca\/International\/wp-json\/wp\/v2\/media?parent=110669"}],"wp:term":[{"taxonomy":"category","embeddable":true,"href":"https:\/\/linitiative.ca\/International\/wp-json\/wp\/v2\/categories?post=110669"},{"taxonomy":"post_tag","embeddable":true,"href":"https:\/\/linitiative.ca\/International\/wp-json\/wp\/v2\/tags?post=110669"}],"curies":[{"name":"wp","href":"https:\/\/api.w.org\/{rel}","templated":true}]}}