{"id":110670,"date":"2021-02-05T15:14:15","date_gmt":"2021-02-05T20:14:15","guid":{"rendered":"https:\/\/linitiative.ca\/International\/afrique-cameroun-andre-onana-dement-setre-dope-et-conteste-la-decision-de-la-fifa\/"},"modified":"2021-02-05T15:14:15","modified_gmt":"2021-02-05T20:14:15","slug":"afrique-cameroun-andre-onana-dement-setre-dope-et-conteste-la-decision-de-la-fifa","status":"publish","type":"post","link":"https:\/\/linitiative.ca\/International\/afrique-cameroun-andre-onana-dement-setre-dope-et-conteste-la-decision-de-la-fifa\/","title":{"rendered":"Afrique : Cameroun : Andr\u00e9 Onana d\u00e9ment s&rsquo;\u00eatre dop\u00e9 et conteste la d\u00e9cision de la FIFA"},"content":{"rendered":"<div readability=\"32\">\n<p>Auteur : <span class=\"time\">vendredi 05 f\u00e9vrier 2021 20:22<\/span><\/p>\n<\/div>\n<div id=\"post_core\" readability=\"45\">\n<p>Apr\u00e8s la d\u00e9cision du Tribunal Arbitral Sport (TAS) de suspendre douze mois Andr\u00e9 Onana pour dopage, le gardien camerounais de l\u2019Ajax d\u2019Amsterdam a r\u00e9agi sur Twitter : \u00ab\u00a0Salut \u00e0 tous. Je souhaite vous informer que l\u2019UEFA m\u2019a sanctionn\u00e9 de douze mois de suspension, avec effet imm\u00e9diat, apr\u00e8s avoir \u00e9t\u00e9 test\u00e9 positif lors d\u2019un contr\u00f4le antidopage men\u00e9 en octobre, a indiqu\u00e9 Andr\u00e9 Onana avant de se justifier. Je souhaite clarifier la situation et dire que tout est li\u00e9 \u00e0 une erreur humaine. J\u2019ai confondu un m\u00e9dicament contenant un produit interdit par l\u2019Agence mondiale anti-dopage pour une simple aspirine. Ce m\u00e9dicament avait \u00e9t\u00e9 prescrit \u00e0 ma petite amie et je l\u2019ai pris par m\u00e9garde pour de l\u2019aspirine car l\u2019emballage est presque identique et je le regrette\u00a0\u00bb.<\/p>\n<p>L\u2019international camerounais (18 s\u00e9lections) a\u00a0ensuite poursuivi: \u00ab\u00a0Je respecte l\u2019UEFA mais je ne partage leur d\u00e9cision dans ce cas. Je la consid\u00e8re excessive et disproportionn\u00e9e car l\u2019UEFA est inform\u00e9e que c\u2019est une erreur non-intentionnelle. Tout le monde sait que je m\u00e8ne une vie saine et que depuis le d\u00e9but de ma carri\u00e8re sportive, j\u2019ai toujours \u00e9t\u00e9 fermement oppos\u00e9 \u00e0 l\u2019utilisation de produits dopants et aux comportements antisportifs. [\u2026] Je veux simplement dire que je n\u2019ai jamais eu besoin du dopage pour am\u00e9liorer ma carri\u00e8re sportive\u00a0\u00bb. Des propos relay\u00e9s par Onzemondial.<\/p>\n<p><strong>Publi\u00e9 dans :<\/strong> <span>Onana<\/span><\/p>\n<\/div>\n<p>Auteur:<br \/>\n<a href=\"http:\/\/www.lebuteur.com\/article\/detail?titre=cameroun-andre-onana-dement-setre-dope-et-conteste-la-decision-de-la-fifa&#038;id=98967&#038;utm_source=feedburner&#038;utm_medium=feed&#038;utm_campaign=Feed%3A+GalerieFArtciles+%28Les+derniers+articles++-+lebuteur.com%29\">Cliquez ici pour lire l&rsquo;article depuis sa source.<\/a><\/p>\n","protected":false},"excerpt":{"rendered":"<p>Auteur : vendredi 05 f\u00e9vrier 2021 20:22 Apr\u00e8s la d\u00e9cision du Tribunal Arbitral Sport (TAS) de suspendre douze mois Andr\u00e9 Onana pour dopage, le gardien camerounais de l\u2019Ajax d\u2019Amsterdam a r\u00e9agi sur Twitter : \u00ab\u00a0Salut \u00e0 tous. Je souhaite vous informer que l\u2019UEFA m\u2019a sanctionn\u00e9 de douze mois de suspension, avec effet imm\u00e9diat, apr\u00e8s avoir [&hellip;]<\/p>\n","protected":false},"author":1738,"featured_media":0,"comment_status":"closed","ping_status":"closed","sticky":false,"template":"","format":"standard","meta":{"fifu_image_url":"\/\/cdn.lebuteur.com\/data\/images\/article\/thumbs\/large-cameroun-andre-onana-dement-setre-dope-et-conteste-la-decision-de-la-fifa-c822d.jpg","fifu_image_alt":"Afrique : Cameroun : Andr\u00e9 Onana d\u00e9ment s'\u00eatre dop\u00e9 et conteste la d\u00e9cision de la FIFA","footnotes":""},"categories":[53,75],"tags":[],"class_list":["post-110670","post","type-post","status-publish","format-standard","hentry","category-algerie","category-sport"],"_links":{"self":[{"href":"https:\/\/linitiative.ca\/International\/wp-json\/wp\/v2\/posts\/110670","targetHints":{"allow":["GET"]}}],"collection":[{"href":"https:\/\/linitiative.ca\/International\/wp-json\/wp\/v2\/posts"}],"about":[{"href":"https:\/\/linitiative.ca\/International\/wp-json\/wp\/v2\/types\/post"}],"author":[{"embeddable":true,"href":"https:\/\/linitiative.ca\/International\/wp-json\/wp\/v2\/users\/1738"}],"replies":[{"embeddable":true,"href":"https:\/\/linitiative.ca\/International\/wp-json\/wp\/v2\/comments?post=110670"}],"version-history":[{"count":0,"href":"https:\/\/linitiative.ca\/International\/wp-json\/wp\/v2\/posts\/110670\/revisions"}],"wp:attachment":[{"href":"https:\/\/linitiative.ca\/International\/wp-json\/wp\/v2\/media?parent=110670"}],"wp:term":[{"taxonomy":"category","embeddable":true,"href":"https:\/\/linitiative.ca\/International\/wp-json\/wp\/v2\/categories?post=110670"},{"taxonomy":"post_tag","embeddable":true,"href":"https:\/\/linitiative.ca\/International\/wp-json\/wp\/v2\/tags?post=110670"}],"curies":[{"name":"wp","href":"https:\/\/api.w.org\/{rel}","templated":true}]}}