{"id":110672,"date":"2021-02-05T15:25:12","date_gmt":"2021-02-05T20:25:12","guid":{"rendered":"https:\/\/linitiative.ca\/International\/le-remaniement-ministeriel-bloque-en-tunisie\/"},"modified":"2021-02-05T15:25:12","modified_gmt":"2021-02-05T20:25:12","slug":"le-remaniement-ministeriel-bloque-en-tunisie","status":"publish","type":"post","link":"https:\/\/linitiative.ca\/International\/le-remaniement-ministeriel-bloque-en-tunisie\/","title":{"rendered":"Le remaniement minist\u00e9riel bloqu\u00e9 en Tunisie"},"content":{"rendered":"<h4 class=\"title-14\">Le pr\u00e9sident Sa\u00efed s\u2019oppose aux nominations \u00absuspectes\u00bb<\/h4>\n<div class=\"featured_image\"><img loading=\"lazy\" decoding=\"async\" width=\"1134\" height=\"638\" src=\"https:\/\/www.elwatan.com\/wp-content\/uploads\/2021\/02\/TUNISIE.gif\" class=\"attachment-post-thumbnail size-post-thumbnail wp-post-image\" alt=\"\"\/><span class=\"featured-image-caption\">Photo : D. R. &#8211; Le pr\u00e9sident tunisien Ka\u00efs refuse de se laisser marcher sur les pieds<\/span><\/div>\n<p class=\"p3\"><span class=\"s2\"><strong>Des ministres approuv\u00e9s par l\u2019Assembl\u00e9e, sur la touche, et des ministres \u00abbannis\u00bb, encore en exercice. C\u2019est le r\u00e9sultat du bras de fer des deux t\u00eates de l\u2019Ex\u00e9cutif, Ka\u00efs Sa\u00efed et Hichem M\u00e9chichi. Blocage de la vie politique en Tunisie.<\/strong><\/span><\/p>\n<p class=\"p5\"><span class=\"s2\"><strong>L<\/strong><\/span><span class=\"s2\">\u2019Assembl\u00e9e des repr\u00e9sentants du peuple (ARP) a adopt\u00e9, le 26 janvier dernier, un remaniement minist\u00e9riel, pr\u00e9sent\u00e9 par le chef du gouvernement, Hichem M\u00e9chichi, et portant sur onze ministres.<\/span><\/p>\n<p class=\"p6\"><span class=\"s2\">Le pr\u00e9sident de la R\u00e9publique, Ka\u00efs Sa\u00efed, a \u00e9t\u00e9 juste inform\u00e9 de ce remaniement, auquel il \u00e9tait oppos\u00e9 et l\u2019a d\u00e9clar\u00e9 haut et fort la veille, lors de la r\u00e9union du Conseil sup\u00e9rieur de la S\u00e9curit\u00e9 nationale, en pr\u00e9sence de Hichem M\u00e9chichi et du pr\u00e9sident de l\u2019ARP, Rached Ghannouchi. M. Sa\u00efed a dit qu\u2019il ne va pas appeler des ministres <em>\u00absuspect\u00e9s de corruption et de conflits d\u2019int\u00e9r\u00eats \u00e0 pr\u00eater serment\u00bb<\/em>.<\/span><\/p>\n<p class=\"p6\"><span class=\"s2\">Toutefois, M\u00e9chichi ne l\u2019a pas entendu de cette oreille, fort qu\u2019il \u00e9tait d\u2019un soutien momentan\u00e9 de sa majorit\u00e9 \u00e0 l\u2019ARP. Le pr\u00e9sident Sa\u00efed a maintenu sa position et n\u2019a pas appel\u00e9 les ministres \u00e0 pr\u00eater serment et la Tunisie est dans le blocage.<\/span><\/p>\n<p class=\"p6\"><span class=\"s2\">Pour commencer par le commencement, Hichem M\u00e9chichi est un haut commis de l\u2019administration, appel\u00e9 par Sa\u00efed pour \u00e9toffer son cabinet. Il l\u2019a ensuite nomm\u00e9 ministre de l\u2019Int\u00e9rieur au sein du gouvernement Fakhfakh, avant de le choisir en tant que chef du gouvernement, apr\u00e8s la d\u00e9mission de Fakhfakh.<\/span><\/p>\n<p class=\"p6\"><span class=\"s2\">Toutefois, les deux, Ka\u00efs Sa\u00efed et Hichem M\u00e9chichi, ne disposent pas de blocs parlementaires n\u00e9cessaires pour la stabilit\u00e9 gouvernementale. M\u00e9chichi a trouv\u00e9 du soutien chez les partis Ennahdha, Qalb Tounes, Tahya Tounes et quelques blocs parlementaires ayant peur que le pr\u00e9sident Saied ne dissout l\u2019ARP.<\/span><\/p>\n<p class=\"p6\"><span class=\"s2\">Entre temps, des bruits ont circul\u00e9 que M\u00e9chichi a nou\u00e9 des liens avec une ceinture de trois courants politiques qui sont Ennahdha, Qalb Tounes et le bloc Qarama et que le remaniement minist\u00e9riel a \u00e9t\u00e9 fait pour les satisfaire. Et, paradoxalement, certains noms, parmi les propos\u00e9s pour occuper des portefeuilles minist\u00e9riels, se trouvent impliqu\u00e9s dans des dossiers suspects.<\/span><\/p>\n<p class=\"p6\"><strong><span class=\"s2\">Dossiers suspects<\/span><\/strong><\/p>\n<p class=\"p7\"><span class=\"s2\">Ainsi, le nomin\u00e9 pour le minist\u00e8re de la Formation professionnelle et de l\u2019Emploi, Youssef Fennira, est fondateur et directeur g\u00e9n\u00e9ral du Centre d\u2019orientation et de reconversion professionnelle (CORP).<\/span><\/p>\n<p class=\"p6\"><span class=\"s2\">De l\u00e0 \u00e0 parler de conflit d\u2019int\u00e9r\u00eats, il n\u2019y a qu\u2019un pas que les Tunisiens ont d\u00e9j\u00e0 franchi. Et ce n\u2019\u00e9tait pas un hasard s\u2019il n\u2019a recueilli que 118 voix favorables \u00e0 l\u2019ARP, alors que d\u2019autres ministres en ont recueilli autour de 140. Le nomin\u00e9 au minist\u00e8re de l\u2019Energie et des Mines, Sofiane Ben Tounes, est un proche de Nabil Karoui.<\/span><\/p>\n<p class=\"p6\"><span class=\"s2\">Sa soci\u00e9t\u00e9 a \u00e9t\u00e9 cit\u00e9e dans l\u2019affaire de lobbying de Nabil Karoui avec le Canado-isra\u00e9lien, Ari Ben Menashi, puisque le directeur juridique de la soci\u00e9t\u00e9 Oscar Infrastructure Service, dirig\u00e9e par Ben Tounes, n\u2019est autre que l\u2019avocat de Nabil Karoui, et son homme de main pour le contrat avec Ari Ben Menashi.<\/span><\/p>\n<p class=\"p6\"><span class=\"s2\">L\u00e0 encore, les soup\u00e7ons sont forts et l\u2019ONG I Watch les a r\u00e9v\u00e9l\u00e9s d\u00e8s la publication de la liste par M\u00e9chichi. Les deux autres noms cit\u00e9s sont le ministre propos\u00e9 pour la Sant\u00e9, H\u00e9di Khairi, soutenu par le bloc nationaliste de Ridha Charfeddine, gros bonnet de l\u2019industrie pharmaceutique.<\/span><\/p>\n<p class=\"p6\"><span class=\"s2\">Le P<sup>r<\/sup> Khairi est critiqu\u00e9, par le public, pour son comportement trop mat\u00e9rialiste dans l\u2019h\u00f4pital public. Le 4<sup>e<\/sup> ministre, contest\u00e9 par le pr\u00e9sident Sa\u00efed, est celui nomin\u00e9 pour l\u2019Industrie, Ridha Ben Mosbah, pour \u00eatre cit\u00e9 dans une affaire encore en justice.<\/span><\/p>\n<p class=\"p6\"><span class=\"s2\">Dix jours sont pass\u00e9s et les choses n\u2019ont pas boug\u00e9 pour ce remaniement. Le pr\u00e9sident Sa\u00efed a exploit\u00e9 l\u2019occasion de son entretien avec le secr\u00e9taire g\u00e9n\u00e9ral de la centrale syndicale, l\u2019UGTT, Noureddine Taboubi, pour exposer son interpr\u00e9tation de la Constitution, en rapport avec la prestation de serment des nouveaux membres du gouvernement.<\/span><\/p>\n<p class=\"p6\"><span class=\"s2\"><em>\u00abLes suspects dans des affaires de corruption ou de conflit d\u2019int\u00e9r\u00eats n\u2019ont pas le droit de pr\u00eater serment\u00bb<\/em>, a assur\u00e9 Ka\u00efs Sa\u00efed, en rappelant que la justification de <em>\u00abproc\u00e9dures impossibles\u00bb<\/em> ne s\u2019applique pas au droit constitutionnel, en r\u00e9ponse \u00e0 ceux qui ont propos\u00e9 que les ministres nomin\u00e9s passent \u00e0 l\u2019exercice sans pr\u00eater serment, sous r\u00e9serve des <em>\u00abproc\u00e9dures impossibles\u00bb.<\/em><\/span><\/p>\n<p class=\"p6\"><span class=\"s2\">Par ailleurs, les sp\u00e9cialistes du droit constitutionnel sont quasi unanimes pour dire qu\u2019en vertu de l\u2019article 72 de la Constitution, le pr\u00e9sident de la R\u00e9publique est le garant de la protection de la Constitution. <em>\u00abSon interpr\u00e9tation de la Constitution est l\u2019interpr\u00e9tation de dernier ressort, en l\u2019absence d\u2019un Tribunal constitutionnel\u00bb<\/em>, affirme le professeur de droit constitutionnel, Slim Laghmani.<\/span><\/p>\n<p class=\"p6\"><span class=\"s2\">Donc, il ne reste \u00e0 M\u00e9chichi et \u00e0 l\u2019ARP que d\u2019\u00e9carter, d\u2019une mani\u00e8re ou d\u2019une autre, les ministres contest\u00e9s, comme l\u2019a propos\u00e9 le d\u00e9put\u00e9 d\u2019Ennahdha, Samir Dilou, qui a \u00e9t\u00e9 suivi par les blocs Tahya Tounes et El Islah. Le mieux serait que ces ministres d\u00e9missionnent, avant m\u00eame qu\u2019ils n\u2019occupent leurs postes.<\/span><\/p>\n<p class=\"p6\"><span class=\"s2\">L\u2019autre issue, quoiqu\u2019improbable, serait la d\u00e9mission de M\u00e9chichi. <em>\u00abJe le vois mal continuer \u00e0 partager le pouvoir ex\u00e9cutif avec le pr\u00e9sident Sa\u00efed apr\u00e8s tout ce qui s\u2019est pass\u00e9\u00bb<\/em>, selon Mustapha Ben Ahmed, le pr\u00e9sident du bloc parlementaire de Tahya Tounes. Mais, reprend le d\u00e9put\u00e9, en politique tunisienne, <em>\u00abtout est possible\u00bb.<\/em><\/span><\/p>\n<p><span class=\"post-views-label\">Post Views:<\/span> <span class=\"post-views-count\">219<\/span><\/p>\n<p><br class=\"c2\"\/><\/p>\n<div class=\"ichhar-moneytagnative c5\" id=\"ichhar-1672217310\">\n<p>Advertisements<\/p>\n<\/div>\n<p><br class=\"c2\"\/><br class=\"c6\"\/><br \/>\nAuteur: Anis Khecheba<br \/>\n<a href=\"https:\/\/www.elwatan.com\/edition\/international\/le-remaniement-ministeriel-bloque-en-tunisie-05-02-2021\">Cliquez ici pour lire l&rsquo;article depuis sa source.<\/a><\/p>\n","protected":false},"excerpt":{"rendered":"<p>Le pr\u00e9sident Sa\u00efed s\u2019oppose aux nominations \u00absuspectes\u00bb Photo : D. R. &#8211; Le pr\u00e9sident tunisien Ka\u00efs refuse de se laisser marcher sur les pieds Des ministres approuv\u00e9s par l\u2019Assembl\u00e9e, sur la touche, et des ministres \u00abbannis\u00bb, encore en exercice. C\u2019est le r\u00e9sultat du bras de fer des deux t\u00eates de l\u2019Ex\u00e9cutif, Ka\u00efs Sa\u00efed et Hichem [&hellip;]<\/p>\n","protected":false},"author":1743,"featured_media":0,"comment_status":"closed","ping_status":"closed","sticky":false,"template":"","format":"standard","meta":{"fifu_image_url":"https:\/\/www.elwatan.com\/wp-content\/uploads\/2021\/02\/TUNISIE.gif","fifu_image_alt":"Le remaniement minist\u00e9riel bloqu\u00e9 en Tunisie","footnotes":""},"categories":[73,53],"tags":[],"class_list":["post-110672","post","type-post","status-publish","format-standard","hentry","category-actualite","category-algerie"],"_links":{"self":[{"href":"https:\/\/linitiative.ca\/International\/wp-json\/wp\/v2\/posts\/110672","targetHints":{"allow":["GET"]}}],"collection":[{"href":"https:\/\/linitiative.ca\/International\/wp-json\/wp\/v2\/posts"}],"about":[{"href":"https:\/\/linitiative.ca\/International\/wp-json\/wp\/v2\/types\/post"}],"author":[{"embeddable":true,"href":"https:\/\/linitiative.ca\/International\/wp-json\/wp\/v2\/users\/1743"}],"replies":[{"embeddable":true,"href":"https:\/\/linitiative.ca\/International\/wp-json\/wp\/v2\/comments?post=110672"}],"version-history":[{"count":0,"href":"https:\/\/linitiative.ca\/International\/wp-json\/wp\/v2\/posts\/110672\/revisions"}],"wp:attachment":[{"href":"https:\/\/linitiative.ca\/International\/wp-json\/wp\/v2\/media?parent=110672"}],"wp:term":[{"taxonomy":"category","embeddable":true,"href":"https:\/\/linitiative.ca\/International\/wp-json\/wp\/v2\/categories?post=110672"},{"taxonomy":"post_tag","embeddable":true,"href":"https:\/\/linitiative.ca\/International\/wp-json\/wp\/v2\/tags?post=110672"}],"curies":[{"name":"wp","href":"https:\/\/api.w.org\/{rel}","templated":true}]}}