{"id":110673,"date":"2021-02-05T06:20:00","date_gmt":"2021-02-05T11:20:00","guid":{"rendered":"https:\/\/linitiative.ca\/International\/lafrique-du-nord-et-le-moyen-orient-apres-2020-sous-lanalyse-de-gilles-kepel-cartes-et-photo\/"},"modified":"2021-02-05T06:20:00","modified_gmt":"2021-02-05T11:20:00","slug":"lafrique-du-nord-et-le-moyen-orient-apres-2020-sous-lanalyse-de-gilles-kepel-cartes-et-photo","status":"publish","type":"post","link":"https:\/\/linitiative.ca\/International\/lafrique-du-nord-et-le-moyen-orient-apres-2020-sous-lanalyse-de-gilles-kepel-cartes-et-photo\/","title":{"rendered":"L\u2019Afrique du Nord et le Moyen-Orient apr\u00e8s 2020 Sous l\u2019analyse de Gilles Kepel (Cartes et Photo)"},"content":{"rendered":"<p class=\"c2\"><strong>C\u2019est \u00e0 un check-up p\u00e9riodique du contexte g\u00e9ostrat\u00e9gique de l\u2019Afrique du Nord et du Moyen-Orient que s\u2019exerce Gilles Kepel, avec son attention et sa pr\u00e9cision coutumi\u00e8res. Celui de l\u2019ann\u00e9e 2020, celle du grand basculement, est tr\u00e8s attendu. Le \u00ab compte rendu \u00bb, analytique \u00e9difiant, est pr\u00e9sent\u00e9 dans le livre Le proph\u00e8te et la pand\u00e9mie. Du Moyen-Orient au jihadisme d\u2019atmosph\u00e8re, qu\u2019il publie d\u00e9but f\u00e9vrier chez Gallimard.<\/strong><\/p>\n<p>Dans la suite de Sortir du chaos. Les crises en M\u00e9diterran\u00e9e et au Moyen-Orient, paru en 2018, Kepel passe au crible la conjonction de la chute des prix du p\u00e9trole, de la pand\u00e9mie du Covid-19 et des grands mouvements populaires et leurs impacts dans de nombreux pays de la r\u00e9gion, devenue \u00abla plus explosive de la plan\u00e8te\u00bb. Le d\u00e9sengagement des Etats-Unis a \u00abcr\u00e9\u00e9 un vide que l\u2019Union europ\u00e9enne, dont huit Etats sur vingt-sept sont pourtant riverains de la M\u00e9diterran\u00e9e, s\u2019av\u00e8re incapable de combler, faute de strat\u00e9gie commune de d\u00e9fense\u00bb, rel\u00e8ve-t-il d\u2019embl\u00e9e.<\/p>\n<p>La suite des bouleversements, parfois violents, cr\u00e9e des clivages profonds et dessine de nouvelles zones d\u2019influence. En trois grandes parties, Gilles Kepel revient sur \u00abla fracturation du Golfe\u00bb, \u00able Tr\u00e8s Proche-Orient\u00bb et \u00abde l\u2019Afrique du Nord aux banlieues de l\u2019Europe\u00bb. En \u00e9pilogue, il ne peut omettre de s\u2019exprimer sur le \u00abJihadisme d\u2019atmosph\u00e8re et s\u00e9paratisme islamiste\u00bb.<\/p>\n<p><span class=\"c4\"><span class=\"c3\"><strong>Incontournable Tunisie<\/strong><\/span><\/span><\/p>\n<p>La Tunisie, un pays qu\u2019il fr\u00e9quente r\u00e9guli\u00e8rement et suit de pr\u00e8s, figure \u00e0 plus d\u2019un titre dans cet ouvrage. Qu\u2019il s\u2019agisse des enjeux de l\u2019islam politique ou des nouvelles tentations turques de ressusciter le grand Empire ottoman, ou encore de la situation dans les deux pays voisins, la Libye et l\u2019Alg\u00e9rie, il s\u2019agit d\u2019un observatoire instructif. Plus encore, avec le ph\u00e9nom\u00e8ne de la migration clandestine, aboutissant parfois \u00e0 la projection du terrorisme en Europe, comme vient de l\u2019illustrer l\u2019attentat perp\u00e9tr\u00e9 le 29 octobre dernier par Brahim Issaoui \u00e0 la basilique Notre-Dame de Nice, faisant trois morts.<\/p>\n<p class=\"c5\"><img decoding=\"async\" src=\"\/uploads\/FCK_files\/17099_15_Maghreb-une-fausse-digue-pour-l'Europe.jpg\" alt=\"\" width=\"100%\" vspace=\"5\" hspace=\"5\" align=\"middle\"\/><\/p>\n<p>Avec ses outils de sociologue et ses paradigmes de politiste, Gilles Kepel, professeur \u00e0 l\u2019universit\u00e9 Paris Sciences et Lettres, qui dirige la chaire Moyen-Orient M\u00e9diterran\u00e9e \u00e0 l\u2019\u00c9cole normale sup\u00e9rieure et enseigne \u00e0 l\u2019Universit\u00e9 de la Suisse italienne et \u00e0 Sciences Po (Paris et Menton), a perfectionn\u00e9 son approche. Servi par une excellente documentation, aliment\u00e9e au jour le jour, il a pu \u00e9crire quasiment en direct ce livre. Son coll\u00e8gue, Fabrice Balanche, ma\u00eetre de conf\u00e9rences \u00e0 l\u2019universit\u00e9 Lyon II, lui pr\u00eatera sa collaboration pr\u00e9cieuse, en \u00e9tablissant dix-sept cartes illustr\u00e9es qui permettent de visualiser les transformations sur le terrain.<\/p>\n<p><span class=\"c3\"><span class=\"c4\"><strong>La course \u00e0 l\u2019h\u00e9g\u00e9monie<\/strong><\/span><\/span><\/p>\n<p>Que se passe-t-il dans la t\u00eate de Poutine, Erdogan, Mohamed Ben Zaied, Mohamed Ben Selmane, Tamime Ben Hamad, Bachar El Assad, Faiez al-Serraj, Khalifa Haftar, Ka\u00efs Sa\u00efed, Abdelamajid Tebboune ou Mohamed VI ? Pourquoi l\u2019Alg\u00e9rie, l\u2019Irak, le Soudan et le Liban sont-ils entr\u00e9s en\u00a0 effervescence d\u00e8s 2019, aboutissant au renversement des pouvoirs en place ? Que s\u2019est-il pass\u00e9 en 2020 dans les pays de la r\u00e9gion, pourquoi et avec quelles significations ? Et \u00e0 quoi faut-il s\u2019attendre d\u00e8s ce d\u00e9but de 2021 ?<\/p>\n<p class=\"c5\"><img decoding=\"async\" src=\"\/uploads\/FCK_files\/17099_16_Libye-l'enlisement.jpg\" alt=\"\" width=\"100%\" vspace=\"5\" hspace=\"5\" align=\"middle\"\/><\/p>\n<p>Gilles Kepel d\u00e9ploie minutieusement un r\u00e9cit dense, document\u00e9, riche en r\u00e9v\u00e9lations et t\u00e9moignages de premi\u00e8re main, adoss\u00e9 \u00e0 une analyse tr\u00e8s fine. A force de sillonner la r\u00e9gion et d\u2019interroger ses principaux acteurs, au pouvoir, dans l\u2019opposition ou la soci\u00e9t\u00e9 civile, mais aussi humant l\u2019\u00e8re du temps et sondant l\u2019esprit des uns et des autres, il dispose d\u2019un \u00abmat\u00e9riel\u00bb inestimable qui l\u2019autorise \u00e0 d\u00e9velopper une vision claire de la situation.<\/p>\n<p><span class=\"c3\"><span class=\"c4\"><strong>\u00abFr\u00e9ro-chiites\u00bb et \u00abl\u2019Entente d\u2019Abraham\u00bb<\/strong><\/span><\/span><\/p>\n<p>Sans concession, Kepel montre les ambitions sans limites d\u2019Erdogan et ses motivations, le jeu habile de Poutine qui tire le mieux b\u00e9n\u00e9fice du contexte, la r\u00e9activation du Hamas, la complexit\u00e9 de l\u2019\u00e9preuve libanaise et l\u2019\u00e9mergence de nouvelles alliances. Celle qu\u2019il qualifie de \u00abfr\u00e9ro-chiite\u00bb et celle de \u00abl\u2019Entente d\u2019Abraham\u00bb, apr\u00e8s la mise en \u0153uvre du plan am\u00e9ricain dans la r\u00e9gion et l\u2019\u00e9tablissement des relations entre l\u2019Etat d\u2019Isra\u00ebl et quatre pays arabes d\u00e9j\u00e0&#8230;<\/p>\n<p><img decoding=\"async\" src=\"\/uploads\/FCK_files\/Document(1).jpg\" alt=\"\" width=\"100%\" vspace=\"5\" hspace=\"5\" align=\"middle\"\/><\/p>\n<p>Le livre fournit alors des cl\u00e9s appropri\u00e9es pour d\u00e9crypter tant d\u2019aspects, parfois apparents, mais le plus souvent plong\u00e9s en profondeur dans des zones que rares sont ceux \u00e0 m\u00eame d\u2019explorer. Le lecteur originaire de la r\u00e9gion, ou s\u2019y int\u00e9ressant, en apprend beaucoup, mais surtout r\u00e9alise la poudri\u00e8re qui fait face \u00e0 une Europe insouciante, se croyant tout savoir et habile comme Ma\u00eetre Aliboron, alors qu\u2019elle est en plein manque de connaissance dans une totale imp\u00e9ritie.\u00a0<\/p>\n<p>O\u00f9 se situe la Tunisie dans ces tirs crois\u00e9s? Gilles Kepel l\u2019explique dans son livre. Il nous en dit plus dans l\u2019interview exclusive qu\u2019il a accord\u00e9e \u00e0 <span class=\"c3\"><strong>Leaders<\/strong><\/span>.<\/p>\n<p><span class=\"c6\"><strong>Le proph\u00e8te et la pand\u00e9mie. Du Moyen-Orient au jihadisme d\u2019atmosph\u00e8re<\/strong><\/span><br \/><em><strong>de Gilles Kepel<br \/>Cartes in\u00e9dites de Fabrice Balanche<br \/>Gallimard, 336 pages + 16 p. hors texte, f\u00e9vrier 2021, 20 \u20ac<\/strong><\/em><br \/>\u00a0<\/p>\n<p>Auteur:<br \/>\n<a href=\"https:\/\/www.leaders.com.tn\/article\/31381-l-afrique-du-nord-et-le-moyen-orient-apres-2020-sous-l-analyse-de-gilles-kepel\">Cliquez ici pour lire l&rsquo;article depuis sa source.<\/a><\/p>\n","protected":false},"excerpt":{"rendered":"<p>C\u2019est \u00e0 un check-up p\u00e9riodique du contexte g\u00e9ostrat\u00e9gique de l\u2019Afrique du Nord et du Moyen-Orient que s\u2019exerce Gilles Kepel, avec son attention et sa pr\u00e9cision coutumi\u00e8res. Celui de l\u2019ann\u00e9e 2020, celle du grand basculement, est tr\u00e8s attendu. Le \u00ab compte rendu \u00bb, analytique \u00e9difiant, est pr\u00e9sent\u00e9 dans le livre Le proph\u00e8te et la pand\u00e9mie. Du [&hellip;]<\/p>\n","protected":false},"author":1772,"featured_media":0,"comment_status":"closed","ping_status":"closed","sticky":false,"template":"","format":"standard","meta":{"fifu_image_url":"\/uploads\/FCK_files\/17099_15_Maghreb-une-fausse-digue-pour-l","fifu_image_alt":"L\u2019Afrique du Nord et le Moyen-Orient apr\u00e8s 2020 Sous l\u2019analyse de Gilles Kepel (Cartes et Photo)","footnotes":""},"categories":[73,55],"tags":[],"class_list":["post-110673","post","type-post","status-publish","format-standard","hentry","category-actualite","category-tunisie"],"_links":{"self":[{"href":"https:\/\/linitiative.ca\/International\/wp-json\/wp\/v2\/posts\/110673","targetHints":{"allow":["GET"]}}],"collection":[{"href":"https:\/\/linitiative.ca\/International\/wp-json\/wp\/v2\/posts"}],"about":[{"href":"https:\/\/linitiative.ca\/International\/wp-json\/wp\/v2\/types\/post"}],"author":[{"embeddable":true,"href":"https:\/\/linitiative.ca\/International\/wp-json\/wp\/v2\/users\/1772"}],"replies":[{"embeddable":true,"href":"https:\/\/linitiative.ca\/International\/wp-json\/wp\/v2\/comments?post=110673"}],"version-history":[{"count":0,"href":"https:\/\/linitiative.ca\/International\/wp-json\/wp\/v2\/posts\/110673\/revisions"}],"wp:attachment":[{"href":"https:\/\/linitiative.ca\/International\/wp-json\/wp\/v2\/media?parent=110673"}],"wp:term":[{"taxonomy":"category","embeddable":true,"href":"https:\/\/linitiative.ca\/International\/wp-json\/wp\/v2\/categories?post=110673"},{"taxonomy":"post_tag","embeddable":true,"href":"https:\/\/linitiative.ca\/International\/wp-json\/wp\/v2\/tags?post=110673"}],"curies":[{"name":"wp","href":"https:\/\/api.w.org\/{rel}","templated":true}]}}