{"id":110676,"date":"2021-02-05T11:02:00","date_gmt":"2021-02-05T16:02:00","guid":{"rendered":"https:\/\/linitiative.ca\/International\/ou-vont-ces-enfants-palestiniens\/"},"modified":"2021-02-05T11:02:00","modified_gmt":"2021-02-05T16:02:00","slug":"ou-vont-ces-enfants-palestiniens","status":"publish","type":"post","link":"https:\/\/linitiative.ca\/International\/ou-vont-ces-enfants-palestiniens\/","title":{"rendered":"O\u00f9 vont ces enfants palestiniens?"},"content":{"rendered":"<p><span class=\"c3\"><span class=\"c2\"><strong><em><img decoding=\"async\" src=\"\/uploads\/FCK_files\/Arsel\u00e8ne-Ben-Farhat.jpg\" alt=\"\" width=\"20%\" vspace=\"5\" hspace=\"5\" align=\"left\"\/>Par Arsel\u00e8ne Ben Farhat &#8211;<\/em><\/strong><\/span><\/span> L\u2019enfance connote innocence, puret\u00e9, vitalit\u00e9, vie, jeu, fragilit\u00e9. Dans\u00a0 l\u2019univers palestinien domin\u00e9 par la souffrance, l\u2019exploitation, l\u2019expropriation et la destruction des maison, l\u2019image des enfants est, pour les familles palestiniennes, un rayon de soleil, une \u00e9chapp\u00e9e vers un univers d\u2019espoir. Mais les photos publi\u00e9es par \u00ab le Centre Palestinien d\u2019Information \u00bb et par des organismes internationaux nous bouleversent. Les images\u00a0 de ces anges palestiniens suscitent notre \u00e9motion et notre col\u00e8re.<\/p>\n<p>O\u00f9 vont ces enfants palestiniens ? Ils ne vont certainement pas \u00e0 leur \u00e9cole\u00a0 ou \u00e0 leur coll\u00e8ge, mais \u00e0 l\u2019une des prisons isra\u00e9liennes. Au premier plan de ces photos, nous voyons des enfants \u00e2g\u00e9s de neuf \u00e0 onze ans tenus par des soldats bien arm\u00e9s comme s\u2019ils \u00e9taient de dangereux criminels. Sur le visage boulevers\u00e9 de ces pauvres innocents, des pleurs et des signes de d\u00e9tresse, de panique, de peur mais les mains de fer des militaires impitoyables les trainent violemment dans la rue et leurs terribles cris et menaces percent les photos et assourdissent nos oreilles. Des images terrifiantes, insupportables et les rapports qui les accompagnent sur des tentatives de viol de ces enfants sont gla\u00e7antes!<\/p>\n<p>D\u2019apr\u00e8s la revue \u00ab raialyoum \u00bb \u00ab\u00a0<strong>\u0631\u0623\u064a \u0627\u0644\u064a\u0648\u0645<\/strong>\u00a0\u00bb (f\u00e9vrier 2021), plus de 543 enfants de huit \u00e0 onze ans ont \u00e9t\u00e9 arr\u00eat\u00e9s arbitrairement par les autorit\u00e9s isra\u00e9liennes en 2020 et des centaines d\u2019enfants ont \u00e9t\u00e9 d\u00e9j\u00e0 condamn\u00e9s \u00e0 de lourdes peines d\u2019emprisonnement. Aucun respect des droits fondamentaux des enfants, aucun espoir de les aider, de les sauver. Ce sont des victimes de la terrible machine r\u00e9pressive isra\u00e9lienne.<\/p>\n<p>Tahar Bekri qui a accompli un voyage en Palestine \u00e9voque cette jeunesse sacrifi\u00e9e dans la deuxi\u00e8me partie de son \u0153uvre, \u00ab\u00a0Salam Gaza\u00a0\u00bb, \u00abVoyage en Palestine\u00bb (Editions Elyzad, 2010). Il est invit\u00e9 par les responsables d\u2019un camp de r\u00e9fugi\u00e9s \u00e0 \u00e9couter la chorale des enfants:<\/p>\n<p>\u00abIl fait froid dans la pi\u00e8ce. Les filles de sept \u00e0 douze ans peut-\u00eatre, habill\u00e9es modestement, brunes, certains aux yeux clairs, allures d\u00e9cid\u00e9es et fi\u00e8res. Elles se mettent \u00e0 chanter en arabe :<\/p>\n<p><em>Mon dieu apprends-moi la patience<\/em><\/p>\n<p><em>Ton nom est\u00a0 force dans mon c\u0153ur<\/em><\/p>\n<p><em>Rassure-moi, donne-moi de la patience<\/em><\/p>\n<p><em>Donne-moi de la de force contre toute injustice<\/em><\/p>\n<p><em>Les jours et les ann\u00e9es passent<\/em><\/p>\n<p><em>Et moi je souffre et je parle<\/em><\/p>\n<p><em>Personne ne souffle mot<\/em><\/p>\n<p><em>Mes amis et les plus chers des \u00eatres<\/em><\/p>\n<p><em>M\u2019ont laiss\u00e9 et abandonn\u00e9<\/em><\/p>\n<p><em>Ils me manquent depuis qu\u2019ils sont partis<\/em><\/p>\n<p><em>Leur \u00e9loignement me donne des larmes<\/em><\/p>\n<p>Je suis l\u00e0 \u00e0 \u00e9couter ces voix d\u2019ange. Je me penche l\u00e9g\u00e8rement pour cacher une larme au fond de l\u2019\u0153il. Mais c\u2019est impossible. Mes larmes coulent plus forte que moi.\u00bb (Tahar Bekri, \u00ab\u00a0Salam Gaza\u00a0\u00bb, \u00abVoyage en Palestine\u00bb, Editions Elyzad, 2010, p. 95-96).<\/p>\n<p>Il est bien difficile pour nous de rester insensibles face \u00e0 ce drame des enfants palestiniens martyres qui subissent toutes les formes de brutalit\u00e9, de violence physique, psychologique et morale. Mais pouvons-nous vraiment am\u00e9liorer leur situation tragique quand leurs parents sont eux-m\u00eames opprim\u00e9s ?<\/p>\n<p class=\"c4\"><strong>Arsel\u00e8ne Ben Farhat<\/strong><\/p>\n<p>Auteur:<br \/>\n<a href=\"https:\/\/www.leaders.com.tn\/article\/31385-arselene-ben-farhat-ou-vont-ces-enfants-palestiniens\">Cliquez ici pour lire l&rsquo;article depuis sa source.<\/a><\/p>\n","protected":false},"excerpt":{"rendered":"<p>Par Arsel\u00e8ne Ben Farhat &#8211; L\u2019enfance connote innocence, puret\u00e9, vitalit\u00e9, vie, jeu, fragilit\u00e9. Dans\u00a0 l\u2019univers palestinien domin\u00e9 par la souffrance, l\u2019exploitation, l\u2019expropriation et la destruction des maison, l\u2019image des enfants est, pour les familles palestiniennes, un rayon de soleil, une \u00e9chapp\u00e9e vers un univers d\u2019espoir. Mais les photos publi\u00e9es par \u00ab le Centre Palestinien d\u2019Information [&hellip;]<\/p>\n","protected":false},"author":1772,"featured_media":0,"comment_status":"closed","ping_status":"closed","sticky":false,"template":"","format":"standard","meta":{"fifu_image_url":"\/uploads\/FCK_files\/Arsel\u00e8ne-Ben-Farhat.jpg","fifu_image_alt":"O\u00f9 vont ces enfants palestiniens?","footnotes":""},"categories":[73,55],"tags":[],"class_list":["post-110676","post","type-post","status-publish","format-standard","hentry","category-actualite","category-tunisie"],"_links":{"self":[{"href":"https:\/\/linitiative.ca\/International\/wp-json\/wp\/v2\/posts\/110676","targetHints":{"allow":["GET"]}}],"collection":[{"href":"https:\/\/linitiative.ca\/International\/wp-json\/wp\/v2\/posts"}],"about":[{"href":"https:\/\/linitiative.ca\/International\/wp-json\/wp\/v2\/types\/post"}],"author":[{"embeddable":true,"href":"https:\/\/linitiative.ca\/International\/wp-json\/wp\/v2\/users\/1772"}],"replies":[{"embeddable":true,"href":"https:\/\/linitiative.ca\/International\/wp-json\/wp\/v2\/comments?post=110676"}],"version-history":[{"count":0,"href":"https:\/\/linitiative.ca\/International\/wp-json\/wp\/v2\/posts\/110676\/revisions"}],"wp:attachment":[{"href":"https:\/\/linitiative.ca\/International\/wp-json\/wp\/v2\/media?parent=110676"}],"wp:term":[{"taxonomy":"category","embeddable":true,"href":"https:\/\/linitiative.ca\/International\/wp-json\/wp\/v2\/categories?post=110676"},{"taxonomy":"post_tag","embeddable":true,"href":"https:\/\/linitiative.ca\/International\/wp-json\/wp\/v2\/tags?post=110676"}],"curies":[{"name":"wp","href":"https:\/\/api.w.org\/{rel}","templated":true}]}}