{"id":110678,"date":"2021-02-05T11:45:27","date_gmt":"2021-02-05T16:45:27","guid":{"rendered":"https:\/\/linitiative.ca\/International\/marche-des-vehicules-neufs-auto-hall-voit-ses-ventes-progresser-en-2020\/"},"modified":"2021-02-05T11:45:27","modified_gmt":"2021-02-05T16:45:27","slug":"marche-des-vehicules-neufs-auto-hall-voit-ses-ventes-progresser-en-2020","status":"publish","type":"post","link":"https:\/\/linitiative.ca\/International\/marche-des-vehicules-neufs-auto-hall-voit-ses-ventes-progresser-en-2020\/","title":{"rendered":"March\u00e9 des v\u00e9hicules neufs : Auto Hall voit ses ventes progresser en 2020"},"content":{"rendered":"<p><strong>Le Groupe Auto Hall vient fra\u00eechement de d\u00e9voiler le bilan commercial \u00e0 fin 2020 des diff\u00e9rentes marques automobiles dont il d\u00e9tient la carte. Il en r\u00e9sulte au global que les ventes de v\u00e9hicules utilitaires l\u00e9gers et celles des v\u00e9hicules particuliers du Groupe se sont \u00e9tablies \u00e0 19 450 unit\u00e9s au titre de l\u2019ann\u00e9e \u00e9coul\u00e9e, soit progression de plus de 9,3% par rapport \u00e0 2019, assortie d\u2019une hausse de l\u2019ordre de 0,9%.<\/strong><\/p>\n<div class=\"c10\"\/>\n<p>Dans le d\u00e9tail, le segment des utilitaires l\u00e9gers a affich\u00e9 une croissance de 41,4% et celui des v\u00e9hicules particuliers a progress\u00e9 de 10,8%, pr\u00e9cise le Groupe. Opel a connu une hausse de 44% de ses ventes trustant du coup la 6<sup>\u00e8me<\/sup> \u00a0position du march\u00e9, tandis que DFSK a enregistr\u00e9 une hausse de 69%, avec un enrichissement de la gamme PM (+20% en 2020).<\/p>\n<p>Concernant les v\u00e9hicules industriels, le segment des camions a gagn\u00e9 une part de march\u00e9 de 35% en 2020, indique Auto Hall, notant au passage qu\u2019en d\u00e9cembre dernier, le groupe a r\u00e9alis\u00e9 une croissance allant jusqu\u2019\u00e0 17,5%.<\/p>\n<p><strong>Lire aussi | <a href=\"https:\/\/www.challenge.ma\/le-groupe-colorado-pose-ses-valises-au-mali-174331\/\">Le groupe Colorado pose ses valises au Mali<\/a><\/strong><\/p>\n<p>Toujours est-il que l\u2019ann\u00e9e 2021 d\u00e9marre sous de bons auspices pour l\u2019ensemble des marques du Groupe. En effet, \u00e0 fin janvier dernier, il faut noter la belle progression d\u2019Opel qui grimpe \u00e0 la sixi\u00e8me place du classement des meilleures ventes de voitures neuves avec 511 unit\u00e9s \u00e9coul\u00e9es le mois dernier, signant une croissance de 100,39%.<\/p>\n<p>Ford n\u2019est nullement en reste, la marque \u00e0 l\u2019ovale bleu ayant \u00e9coul\u00e9 297 v\u00e9hicules neufs le mois dernier\u00a0; soit une progression de 7,22% compar\u00e9 \u00e0 la m\u00eame p\u00e9riode de l\u2019ann\u00e9e derni\u00e8re. Belle entame commerciale \u00e9galement pour Nissan qui affiche une croissance de 29,73% avec 288 v\u00e9hicules vendus en janvier.<\/p>\n<p>S\u2019agissant des utilitaires l\u00e9gers, Auto Hall poursuit sa mainmise sur le segment. DFSK maintient ses bonnes performances en ce d\u00e9but d\u2019ann\u00e9e avec 346 v\u00e9hicules c\u00e9d\u00e9s, soit un bond de 31,06% compar\u00e9 \u00e0 la m\u00eame p\u00e9riode en 2020. C\u2019est Ford qui rafle la deuxi\u00e8me place du podium avec 192 livraisons, soit une hausse de 17,79% compar\u00e9 \u00e0 janvier 2020. Mitsubishi n\u2019est pas en reste, la marque aux trois diamants ayant \u00e9coul\u00e9e le mois dernier 165 v\u00e9hicules (contre 116 en janvier 2020), soit une croissance de 42,24%.<\/p>\n<p><strong>Lire aussi |<\/strong> <strong><a href=\"https:\/\/www.challenge.ma\/abdelaziz-maalmi-directeur-general-de-la-societe-marocaine-de-lautomobile-allemande-smaa-nous-avons-a-coeur-de-satisfaire-notre-clientele-171639\/\">Abdelaziz Maalmi: \u00ab\u00a0nous avons \u00e0 c\u0153ur de satisfaire notre client\u00e8le\u00a0\u00bb<\/a><\/strong><\/p>\n<p>Auto Hall qui souligne \u00e9galement que, durant cette p\u00e9riode de crise li\u00e9e \u00e0 la pand\u00e9mie de la covid-19, et dans un souci d\u2019offrir une qualit\u00e9 de services exemplaire, toutes les mesures sanitaires pour prot\u00e9ger ses clients et ses collaborateurs ont \u00e9t\u00e9 prises au sein de toutes ses plateformes automobiles dans le Royaume.<\/p>\n<p>Auteur: challenge<br \/>\n<a href=\"https:\/\/www.challenge.ma\/marche-des-vehicules-neufs-auto-hall-voit-ses-ventes-progresser-en-2020-174341\/\">Cliquez ici pour lire l&rsquo;article depuis sa source.<\/a><\/p>\n","protected":false},"excerpt":{"rendered":"<p>Le Groupe Auto Hall vient fra\u00eechement de d\u00e9voiler le bilan commercial \u00e0 fin 2020 des diff\u00e9rentes marques automobiles dont il d\u00e9tient la carte. Il en r\u00e9sulte au global que les ventes de v\u00e9hicules utilitaires l\u00e9gers et celles des v\u00e9hicules particuliers du Groupe se sont \u00e9tablies \u00e0 19 450 unit\u00e9s au titre de l\u2019ann\u00e9e \u00e9coul\u00e9e, soit [&hellip;]<\/p>\n","protected":false},"author":1787,"featured_media":0,"comment_status":"closed","ping_status":"closed","sticky":false,"template":"","format":"standard","meta":{"fifu_image_url":"","fifu_image_alt":"","footnotes":""},"categories":[78,54],"tags":[],"class_list":["post-110678","post","type-post","status-publish","format-standard","hentry","category-economie","category-maroc"],"_links":{"self":[{"href":"https:\/\/linitiative.ca\/International\/wp-json\/wp\/v2\/posts\/110678","targetHints":{"allow":["GET"]}}],"collection":[{"href":"https:\/\/linitiative.ca\/International\/wp-json\/wp\/v2\/posts"}],"about":[{"href":"https:\/\/linitiative.ca\/International\/wp-json\/wp\/v2\/types\/post"}],"author":[{"embeddable":true,"href":"https:\/\/linitiative.ca\/International\/wp-json\/wp\/v2\/users\/1787"}],"replies":[{"embeddable":true,"href":"https:\/\/linitiative.ca\/International\/wp-json\/wp\/v2\/comments?post=110678"}],"version-history":[{"count":0,"href":"https:\/\/linitiative.ca\/International\/wp-json\/wp\/v2\/posts\/110678\/revisions"}],"wp:attachment":[{"href":"https:\/\/linitiative.ca\/International\/wp-json\/wp\/v2\/media?parent=110678"}],"wp:term":[{"taxonomy":"category","embeddable":true,"href":"https:\/\/linitiative.ca\/International\/wp-json\/wp\/v2\/categories?post=110678"},{"taxonomy":"post_tag","embeddable":true,"href":"https:\/\/linitiative.ca\/International\/wp-json\/wp\/v2\/tags?post=110678"}],"curies":[{"name":"wp","href":"https:\/\/api.w.org\/{rel}","templated":true}]}}