{"id":110680,"date":"2021-02-05T12:45:00","date_gmt":"2021-02-05T17:45:00","guid":{"rendered":"https:\/\/linitiative.ca\/International\/dakhla-el-guerguerat-grand-prix-omar-bekkari-une-premiere-edition-remarquee\/"},"modified":"2021-02-05T12:45:00","modified_gmt":"2021-02-05T17:45:00","slug":"dakhla-el-guerguerat-grand-prix-omar-bekkari-une-premiere-edition-remarquee","status":"publish","type":"post","link":"https:\/\/linitiative.ca\/International\/dakhla-el-guerguerat-grand-prix-omar-bekkari-une-premiere-edition-remarquee\/","title":{"rendered":"Dakhla-El Guerguerat Grand Prix Omar Bekkari : Une premi\u00e8re \u00e9dition remarqu\u00e9e"},"content":{"rendered":"<p><strong>C\u2019est sous le sceau du succ\u00e8s que s\u2019est d\u00e9roul\u00e9e du 28 au 31 janvier dernier, la premi\u00e8re \u00e9dition du Dakhla-El Guerguerat Grand Prix Omar Bekkari. Un \u00e9v\u00e9nement concoct\u00e9 par la F\u00e9d\u00e9ration Marocaine des V\u00e9hicules Anciens (FMVA), qui a manifestement marqu\u00e9 les esprits et qui a pleinement rempli sa mission, \u00e0 savoir celle de c\u00e9l\u00e9brer la marocanit\u00e9 du Sahara tout en conciliant valeurs patriotiques et passion automobile.<\/strong><\/p>\n<div class=\"c10\"\/>\n<p>Cet \u00e9v\u00e9nement entendait c\u00e9l\u00e9brer la reconnaissance par les \u00c9tats-Unis de la souverainet\u00e9 marocaine sur son Sahara. Objectif pour les 82 v\u00e9hicules engag\u00e9s et les 200 participants pr\u00e9sents en ce vendredi 29 janvier : rallier, au d\u00e9part de Dakhla, la localit\u00e9 frontali\u00e8re d\u2019El Guerguerat. Un p\u00e9riple d\u2019environ 800 km (aller-retour) qu\u2019a effectu\u00e9 all\u00e8grement la caravane automobile.\u00a0<\/p>\n<p><strong>Lire aussi : <a class=\"\" href=\"https:\/\/www.challenge.ma\/maroc-israel-place-au-business-174291\/\">Maroc-Isra\u00ebl : place au business<\/a><\/strong><\/p>\n<p><img decoding=\"async\" loading=\"lazy\" width=\"1024\" height=\"602\" src=\"https:\/\/www.challenge.ma\/wp-content\/uploads\/2021\/02\/58-69-7-1-1024x602.jpg\" alt=\"\" class=\"wp-image-174369\" srcset=\"https:\/\/www.challenge.ma\/wp-content\/uploads\/2021\/02\/58-69-7-1-1024x602.jpg 1024w, https:\/\/www.challenge.ma\/wp-content\/uploads\/2021\/02\/58-69-7-1-300x176.jpg 300w, https:\/\/www.challenge.ma\/wp-content\/uploads\/2021\/02\/58-69-7-1-768x451.jpg 768w, https:\/\/www.challenge.ma\/wp-content\/uploads\/2021\/02\/58-69-7-1-1536x903.jpg 1536w, https:\/\/www.challenge.ma\/wp-content\/uploads\/2021\/02\/58-69-7-1-360x212.jpg 360w, https:\/\/www.challenge.ma\/wp-content\/uploads\/2021\/02\/58-69-7-1-750x441.jpg 750w, https:\/\/www.challenge.ma\/wp-content\/uploads\/2021\/02\/58-69-7-1.jpg 1662w\" sizes=\"auto, (max-width: 1024px) 100vw, 1024px\"\/><img decoding=\"async\" loading=\"lazy\" width=\"1024\" height=\"576\" src=\"https:\/\/www.challenge.ma\/wp-content\/uploads\/2021\/02\/58-69-9-1024x576.jpg\" alt=\"\" class=\"wp-image-174361\" srcset=\"https:\/\/www.challenge.ma\/wp-content\/uploads\/2021\/02\/58-69-9-1024x576.jpg 1024w, https:\/\/www.challenge.ma\/wp-content\/uploads\/2021\/02\/58-69-9-300x169.jpg 300w, https:\/\/www.challenge.ma\/wp-content\/uploads\/2021\/02\/58-69-9-768x432.jpg 768w, https:\/\/www.challenge.ma\/wp-content\/uploads\/2021\/02\/58-69-9-1536x863.jpg 1536w, https:\/\/www.challenge.ma\/wp-content\/uploads\/2021\/02\/58-69-9-2048x1151.jpg 2048w, https:\/\/www.challenge.ma\/wp-content\/uploads\/2021\/02\/58-69-9-360x202.jpg 360w, https:\/\/www.challenge.ma\/wp-content\/uploads\/2021\/02\/58-69-9-750x422.jpg 750w\" sizes=\"auto, (max-width: 1024px) 100vw, 1024px\"\/><\/p>\n<p>C\u2019est sous le coup de 7h30 du matin que les participants ont fait vrombir leur moteur afin de se lancer \u00e0 l\u2019assaut du r\u00e9seau routier de la r\u00e9gion. Un patrimoine automobile d\u2019une valeur inestimable, comprenant les mod\u00e8les les plus embl\u00e9matiques qui ont forg\u00e9 depuis ces 80 derni\u00e8res ann\u00e9es l\u2019histoire de l\u2019automobile mondiale. <em>\u00abC\u2019est la premi\u00e8re fois que se d\u00e9roule un \u00e9v\u00e9nement automobile de ce genre dans cette r\u00e9gion et qui r\u00e9unit autant de v\u00e9hicules d\u2019\u00e9poque dans un parfait \u00e9tat de restauration\u00bb<\/em>, nous a indiqu\u00e9 un des membres de la FMVA.\u00a0<\/p>\n<p><img decoding=\"async\" loading=\"lazy\" width=\"1024\" height=\"630\" src=\"https:\/\/www.challenge.ma\/wp-content\/uploads\/2021\/02\/58-69-12-1-1024x630.jpg\" alt=\"\" class=\"wp-image-174365\" srcset=\"https:\/\/www.challenge.ma\/wp-content\/uploads\/2021\/02\/58-69-12-1-1024x630.jpg 1024w, https:\/\/www.challenge.ma\/wp-content\/uploads\/2021\/02\/58-69-12-1-300x184.jpg 300w, https:\/\/www.challenge.ma\/wp-content\/uploads\/2021\/02\/58-69-12-1-768x472.jpg 768w, https:\/\/www.challenge.ma\/wp-content\/uploads\/2021\/02\/58-69-12-1-1536x944.jpg 1536w, https:\/\/www.challenge.ma\/wp-content\/uploads\/2021\/02\/58-69-12-1-2048x1259.jpg 2048w, https:\/\/www.challenge.ma\/wp-content\/uploads\/2021\/02\/58-69-12-1-360x221.jpg 360w, https:\/\/www.challenge.ma\/wp-content\/uploads\/2021\/02\/58-69-12-1-750x461.jpg 750w\" sizes=\"auto, (max-width: 1024px) 100vw, 1024px\"\/><\/p>\n<p><strong>Fiert\u00e9 et \u00e9motion<\/strong><\/p>\n<p>Apr\u00e8s plusieurs heures de route, la caravane a atteint El Guerguerat, point d\u2019orgue de cette premi\u00e8re demi-journ\u00e9e d\u2019\u00e9tape. Un sentiment de fiert\u00e9 et de patriotisme, a ainsi gagn\u00e9 tous les participants qui se sont dirig\u00e9s vers le poste-fronti\u00e8re. Ils y sont rest\u00e9s de fa\u00e7on symbolique, c\u00e9l\u00e9brant fi\u00e8rement la reconnaissance par les \u00c9tats-Unis de la souverainet\u00e9 marocaine sur son Sahara, entonnant l\u2019hymne national et portant haut et fort \u00e9galement les couleurs du drapeau national.\u00a0<\/p>\n<p><strong>Lire aussi : <a href=\"https:\/\/www.challenge.ma\/marche-des-vehicules-neufs-auto-hall-voit-ses-ventes-progresser-en-2020-174341\/\">March\u00e9 des v\u00e9hicules neufs : Auto Hall voit ses ventes progresser en 2020<\/a><\/strong><\/p>\n<div class=\"wp-block-image\"><img decoding=\"async\" loading=\"lazy\" src=\"https:\/\/www.challenge.ma\/wp-content\/uploads\/2021\/02\/58-69-8.jpg\" alt=\"\" class=\"wp-image-174360\" width=\"217\" height=\"282\" srcset=\"https:\/\/www.challenge.ma\/wp-content\/uploads\/2021\/02\/58-69-8.jpg 609w, https:\/\/www.challenge.ma\/wp-content\/uploads\/2021\/02\/58-69-8-230x300.jpg 230w, https:\/\/www.challenge.ma\/wp-content\/uploads\/2021\/02\/58-69-8-360x469.jpg 360w\" sizes=\"auto, (max-width: 217px) 100vw, 217px\"\/><\/div>\n<p>Un moment exceptionnel qui restera grav\u00e9 pour longtemps dans les m\u00e9moires des participants. <em>\u00abLe fait de nous retrouver ici \u00e0 El Guerguerat, a suscit\u00e9 en nous un fort sentiment d\u2019\u00e9motion, teint\u00e9 de patriotisme. Nous sommes fiers de notre pays et de notre Roi\u00bb<\/em>, s\u2019est exprim\u00e9 Rafik Lahlou. Et l\u2019organisateur et vice-Pr\u00e9sident de la FMVA d\u2019ajouter : \u00abnous remercions vivement les autorit\u00e9s et toutes les personnes qui ont contribu\u00e9 \u00e0 notre venue ici qui, d\u2019ailleurs, s\u2019est effectu\u00e9e en toute s\u00e9curit\u00e9. Notre Maroc est s\u00fbr du nord au sud\u00bb. Une journ\u00e9e riche en \u00e9motion qui a reconduit l\u2019ensemble des participants vers Dakhla en fin d\u2019apr\u00e8s-midi. \u00a0<\/p>\n<p><strong>Un final en apoth\u00e9ose<\/strong><\/p>\n<p>Apr\u00e8s avoir c\u00e9l\u00e9br\u00e9 de fa\u00e7on remarqu\u00e9e la marocanit\u00e9 du Sahara lors de la premi\u00e8re \u00e9tape, l\u2019ensemble des participants ont abord\u00e9 avec entrain la deuxi\u00e8me \u00e9tape de cet \u00e9v\u00e9nement par une parade automobile dans la ville de Dakhla. Un d\u00e9fil\u00e9 in\u00e9dit dans la ville qui a ravi les habitants, certains se montrant \u00e9merveill\u00e9s d\u2019avoir sous les yeux plus de 80 ans d\u2019histoire du monde de l\u2019automobile. Inutile de dire que les photos et autres commentaires sur les r\u00e9seaux sociaux ont fus\u00e9 \u00e7\u00e0 et l\u00e0.\u00a0<\/p>\n<p><img decoding=\"async\" loading=\"lazy\" width=\"613\" height=\"953\" src=\"https:\/\/www.challenge.ma\/wp-content\/uploads\/2021\/02\/58-69-11-1.jpg\" alt=\"\" class=\"wp-image-174370\" srcset=\"https:\/\/www.challenge.ma\/wp-content\/uploads\/2021\/02\/58-69-11-1.jpg 613w, https:\/\/www.challenge.ma\/wp-content\/uploads\/2021\/02\/58-69-11-1-193x300.jpg 193w, https:\/\/www.challenge.ma\/wp-content\/uploads\/2021\/02\/58-69-11-1-360x560.jpg 360w\" sizes=\"auto, (max-width: 613px) 100vw, 613px\"\/><\/p>\n<p>Les choses s\u00e9rieuses ont d\u00e9but\u00e9 sous le coup des 14 heures, les 80 v\u00e9hicules d\u2019\u00e9poque s\u2019\u00e9tant retrouv\u00e9s sur le front de mer de Dakhla pour y disputer le Grand Prix Omar Bekkari. Un circuit d\u2019environ 2 km sur deux tours qui a emprunt\u00e9 les art\u00e8res comprenant lignes droites, chicanes, virages en \u00e9pingle, changements de direction\u2026 Signe du destin, ou joli clin d\u2019\u0153il de la vie, c\u2019est Salim Bekkari, fils d\u2019Omar Bekkari, qui s\u2019est adjug\u00e9 au volant de sa Porsche 911 la plus haute marche du podium. Il a \u00e9t\u00e9 suivi au classement par Reda Mezian et Jemmy Essadik, ce dernier ayant effectu\u00e9 pour l\u2019occasion le d\u00e9placement des \u00c9tats-Unis. Une c\u00e9r\u00e9monie de remise des Prix qui s\u2019est effectu\u00e9e en pr\u00e9sence de Lamine Benomar, Wali de la r\u00e9gion de Dakhla-Oued Eddahab et Gouverneur de la province d\u2019Oued Eddahab, mais aussi du Pr\u00e9sident du Conseil r\u00e9gional et d\u2019\u00e9lus locaux, dont El Khattat Yanja. D\u2019autres troph\u00e9es ont \u00e9t\u00e9 d\u00e9cern\u00e9s \u00e0 cette occasion, dont l\u2019un \u00e0 la famille d\u2019Omar Bekkari, en guise d\u2019hommage au d\u00e9funt. Par ailleurs, Sopriam, l\u2019importateur dans le Royaume de Peugeot et de Citro\u00ebn, a tenu \u00e0 r\u00e9compenser les possesseurs de v\u00e9hicules d\u2019\u00e9poque badg\u00e9s de la marque au lion et de la marque au double chevron qui se sont distingu\u00e9s \u00e0 l\u2019occasion de ce Grand Prix de v\u00e9hicules classiques, au rang desquels Ahmed Dahbi son coup\u00e9 404 et Khadija Boujenoui sur sa DS Id 19.<\/p>\n<p><img decoding=\"async\" loading=\"lazy\" width=\"1024\" height=\"681\" src=\"https:\/\/www.challenge.ma\/wp-content\/uploads\/2021\/02\/58-69-10-1024x681.jpg\" alt=\"\" class=\"wp-image-174362\" srcset=\"https:\/\/www.challenge.ma\/wp-content\/uploads\/2021\/02\/58-69-10-1024x681.jpg 1024w, https:\/\/www.challenge.ma\/wp-content\/uploads\/2021\/02\/58-69-10-300x200.jpg 300w, https:\/\/www.challenge.ma\/wp-content\/uploads\/2021\/02\/58-69-10-768x511.jpg 768w, https:\/\/www.challenge.ma\/wp-content\/uploads\/2021\/02\/58-69-10-360x240.jpg 360w, https:\/\/www.challenge.ma\/wp-content\/uploads\/2021\/02\/58-69-10-750x499.jpg 750w, https:\/\/www.challenge.ma\/wp-content\/uploads\/2021\/02\/58-69-10.jpg 1420w\" sizes=\"auto, (max-width: 1024px) 100vw, 1024px\"\/><img decoding=\"async\" loading=\"lazy\" width=\"1024\" height=\"682\" src=\"https:\/\/www.challenge.ma\/wp-content\/uploads\/2021\/02\/58-69-14-1-1024x682.jpg\" alt=\"\" class=\"wp-image-174368\" srcset=\"https:\/\/www.challenge.ma\/wp-content\/uploads\/2021\/02\/58-69-14-1-1024x682.jpg 1024w, https:\/\/www.challenge.ma\/wp-content\/uploads\/2021\/02\/58-69-14-1-300x200.jpg 300w, https:\/\/www.challenge.ma\/wp-content\/uploads\/2021\/02\/58-69-14-1-768x512.jpg 768w, https:\/\/www.challenge.ma\/wp-content\/uploads\/2021\/02\/58-69-14-1-360x240.jpg 360w, https:\/\/www.challenge.ma\/wp-content\/uploads\/2021\/02\/58-69-14-1-750x500.jpg 750w, https:\/\/www.challenge.ma\/wp-content\/uploads\/2021\/02\/58-69-14-1.jpg 1115w\" sizes=\"auto, (max-width: 1024px) 100vw, 1024px\"\/><\/p>\n<p>Auteur: challenge<br \/>\n<a href=\"https:\/\/www.challenge.ma\/dakhla-el-guerguerat-grand-prix-omar-bekkari-une-premiere-edition-remarquee-174356\/\">Cliquez ici pour lire l&rsquo;article depuis sa source.<\/a><\/p>\n","protected":false},"excerpt":{"rendered":"<p>C\u2019est sous le sceau du succ\u00e8s que s\u2019est d\u00e9roul\u00e9e du 28 au 31 janvier dernier, la premi\u00e8re \u00e9dition du Dakhla-El Guerguerat Grand Prix Omar Bekkari. Un \u00e9v\u00e9nement concoct\u00e9 par la F\u00e9d\u00e9ration Marocaine des V\u00e9hicules Anciens (FMVA), qui a manifestement marqu\u00e9 les esprits et qui a pleinement rempli sa mission, \u00e0 savoir celle de c\u00e9l\u00e9brer la [&hellip;]<\/p>\n","protected":false},"author":1787,"featured_media":0,"comment_status":"closed","ping_status":"closed","sticky":false,"template":"","format":"standard","meta":{"fifu_image_url":"https:\/\/www.challenge.ma\/wp-content\/uploads\/2021\/02\/58-69-7-1-1024x602.jpg","fifu_image_alt":"Dakhla-El Guerguerat Grand Prix Omar Bekkari : Une premi\u00e8re \u00e9dition remarqu\u00e9e","footnotes":""},"categories":[78,54],"tags":[],"class_list":["post-110680","post","type-post","status-publish","format-standard","hentry","category-economie","category-maroc"],"_links":{"self":[{"href":"https:\/\/linitiative.ca\/International\/wp-json\/wp\/v2\/posts\/110680","targetHints":{"allow":["GET"]}}],"collection":[{"href":"https:\/\/linitiative.ca\/International\/wp-json\/wp\/v2\/posts"}],"about":[{"href":"https:\/\/linitiative.ca\/International\/wp-json\/wp\/v2\/types\/post"}],"author":[{"embeddable":true,"href":"https:\/\/linitiative.ca\/International\/wp-json\/wp\/v2\/users\/1787"}],"replies":[{"embeddable":true,"href":"https:\/\/linitiative.ca\/International\/wp-json\/wp\/v2\/comments?post=110680"}],"version-history":[{"count":0,"href":"https:\/\/linitiative.ca\/International\/wp-json\/wp\/v2\/posts\/110680\/revisions"}],"wp:attachment":[{"href":"https:\/\/linitiative.ca\/International\/wp-json\/wp\/v2\/media?parent=110680"}],"wp:term":[{"taxonomy":"category","embeddable":true,"href":"https:\/\/linitiative.ca\/International\/wp-json\/wp\/v2\/categories?post=110680"},{"taxonomy":"post_tag","embeddable":true,"href":"https:\/\/linitiative.ca\/International\/wp-json\/wp\/v2\/tags?post=110680"}],"curies":[{"name":"wp","href":"https:\/\/api.w.org\/{rel}","templated":true}]}}