{"id":110681,"date":"2021-02-05T14:26:49","date_gmt":"2021-02-05T19:26:49","guid":{"rendered":"https:\/\/linitiative.ca\/International\/vaccination-anti-covid-408-235-personnes-deja-vaccinees\/"},"modified":"2021-02-05T14:26:49","modified_gmt":"2021-02-05T19:26:49","slug":"vaccination-anti-covid-408-235-personnes-deja-vaccinees","status":"publish","type":"post","link":"https:\/\/linitiative.ca\/International\/vaccination-anti-covid-408-235-personnes-deja-vaccinees\/","title":{"rendered":"Vaccination anti-covid : 408.235 personnes d\u00e9j\u00e0 vaccin\u00e9es"},"content":{"rendered":"<p><strong>Voici le nouveau bilan du minist\u00e8re de la Sant\u00e9 en ce qui concerne l\u2019\u00e9volution de la campagne de vaccination anti-covid19 sur le territoire national.<\/strong><\/p>\n<div class=\"c10\"\/>\n<p>Selon les statistiques du minist\u00e8re de la Sant\u00e9, ce vendredi 5 f\u00e9vrier, 56.512 personnes suppl\u00e9mentaires ont \u00e9t\u00e9 vaccin\u00e9es contre le coronavirus. On retient ainsi que le bilan global des personnes vaccin\u00e9es depuis le lancement de la campagne officielle est de 408.235.<\/p>\n<p><strong>Lire aussi| <a href=\"https:\/\/www.challenge.ma\/le-groupe-colorado-pose-ses-valises-au-mali-174331\/\">Le groupe Colorado pose ses valises au Mali<\/a><\/strong><\/p>\n<p>Auteur: challenge<br \/>\n<a href=\"https:\/\/www.challenge.ma\/vaccination-anti-covid-408-235-personnes-deja-vaccinees-174376\/\">Cliquez ici pour lire l&rsquo;article depuis sa source.<\/a><\/p>\n","protected":false},"excerpt":{"rendered":"<p>Voici le nouveau bilan du minist\u00e8re de la Sant\u00e9 en ce qui concerne l\u2019\u00e9volution de la campagne de vaccination anti-covid19 sur le territoire national. Selon les statistiques du minist\u00e8re de la Sant\u00e9, ce vendredi 5 f\u00e9vrier, 56.512 personnes suppl\u00e9mentaires ont \u00e9t\u00e9 vaccin\u00e9es contre le coronavirus. On retient ainsi que le bilan global des personnes vaccin\u00e9es [&hellip;]<\/p>\n","protected":false},"author":1787,"featured_media":0,"comment_status":"closed","ping_status":"closed","sticky":false,"template":"","format":"standard","meta":{"fifu_image_url":"","fifu_image_alt":"","footnotes":""},"categories":[78,54],"tags":[],"class_list":["post-110681","post","type-post","status-publish","format-standard","hentry","category-economie","category-maroc"],"_links":{"self":[{"href":"https:\/\/linitiative.ca\/International\/wp-json\/wp\/v2\/posts\/110681","targetHints":{"allow":["GET"]}}],"collection":[{"href":"https:\/\/linitiative.ca\/International\/wp-json\/wp\/v2\/posts"}],"about":[{"href":"https:\/\/linitiative.ca\/International\/wp-json\/wp\/v2\/types\/post"}],"author":[{"embeddable":true,"href":"https:\/\/linitiative.ca\/International\/wp-json\/wp\/v2\/users\/1787"}],"replies":[{"embeddable":true,"href":"https:\/\/linitiative.ca\/International\/wp-json\/wp\/v2\/comments?post=110681"}],"version-history":[{"count":0,"href":"https:\/\/linitiative.ca\/International\/wp-json\/wp\/v2\/posts\/110681\/revisions"}],"wp:attachment":[{"href":"https:\/\/linitiative.ca\/International\/wp-json\/wp\/v2\/media?parent=110681"}],"wp:term":[{"taxonomy":"category","embeddable":true,"href":"https:\/\/linitiative.ca\/International\/wp-json\/wp\/v2\/categories?post=110681"},{"taxonomy":"post_tag","embeddable":true,"href":"https:\/\/linitiative.ca\/International\/wp-json\/wp\/v2\/tags?post=110681"}],"curies":[{"name":"wp","href":"https:\/\/api.w.org\/{rel}","templated":true}]}}