{"id":110682,"date":"2021-02-05T15:25:00","date_gmt":"2021-02-05T20:25:00","guid":{"rendered":"https:\/\/linitiative.ca\/International\/lancement-dun-systeme-de-suivi-et-devaluation-de-la-mise-en-oeuvre-du-plan-daction-national-des-risques-de-catastrophes-naturelles\/"},"modified":"2021-02-05T15:25:00","modified_gmt":"2021-02-05T20:25:00","slug":"lancement-dun-systeme-de-suivi-et-devaluation-de-la-mise-en-oeuvre-du-plan-daction-national-des-risques-de-catastrophes-naturelles","status":"publish","type":"post","link":"https:\/\/linitiative.ca\/International\/lancement-dun-systeme-de-suivi-et-devaluation-de-la-mise-en-oeuvre-du-plan-daction-national-des-risques-de-catastrophes-naturelles\/","title":{"rendered":"Lancement d\u2019un syst\u00e8me de suivi et d\u2019\u00e9valuation de la mise en oeuvre du Plan d\u2019action national des risques de catastrophes naturelles"},"content":{"rendered":"<p><strong>Pour mieux faire face aux cons\u00e9quences drastiques des intemp\u00e9ries et autres, le Maroc op\u00e9rationnalise un syst\u00e8me de suivi et d\u2019\u00e9valuation des diff\u00e9rentes \u00e9tapes de l\u2019\u00e9tat d\u2019avancement et de la mise en oeuvre des programmes du Plan d\u2019action national de gestion des risques de catastrophes naturelles. Les d\u00e9tails.<br \/><\/strong><br \/>Selon le ministre d\u00e9l\u00e9gu\u00e9 aupr\u00e8s du ministre de l\u2019Int\u00e9rieur, Noureddine Boutayeb, ce syst\u00e8me vise \u00e0 \u00e9valuer le degr\u00e9 d\u2019efficacit\u00e9 et d\u2019efficience de ces programmes \u00e0 l\u2019aide d\u2019un ensemble d\u2019indicateurs, d\u00e9finis soigneusement et conformes aux normes internationales. Il vise aussi \u00e0 assurer la mise en \u0153uvre optimale des diff\u00e9rents programmes de ce plan national, dont un grand nombre de projets connexes a \u00e9t\u00e9 lanc\u00e9 en vue de la prise en charge efficace des risques naturels qui menacent le pays, notamment les inondations, l\u2019\u00e9rosion des sols et les tremblements de terre.<\/p>\n<div class=\"c10\"\/>\n<p><strong>Lire aussi| <a href=\"https:\/\/www.challenge.ma\/?p=174376&amp;preview=true&amp;_thumbnail_id=169422\">Vaccination anti-covid : 408.235 personnes d\u00e9j\u00e0 vaccin\u00e9es<\/a><\/strong><\/p>\n<p>Notons qu\u2019en application des Hautes Orientations Royales et conform\u00e9ment aux objectifs du \u00ab\u00a0Cadre de Sendai\u00a0\u00bb pour la r\u00e9duction des risques de catastrophe \u00e0 l\u2019horizon 2030, le \u00a0Maroc s\u2019est engag\u00e9, depuis 2017 dans le cadre d\u2019une approche int\u00e9gr\u00e9e et globale et avec la contribution de partenaires internationaux, \u00e0 la pr\u00e9paration d\u2019un projet de plan d\u2019action national pour encadrer la politique de gestion des risques naturels. Notons que ce plan d\u2019action national (2020-2030) vise \u00e0 prot\u00e9ger la vie et les biens des citoyens contre les effets des catastrophes naturelles, \u00e0 r\u00e9duire la vuln\u00e9rabilit\u00e9 vis-\u00e0-vis des risques de ces catastrophes et \u00e0 renforcer la capacit\u00e9 de la population et des provinces pour y faire face en vue de garantir le d\u00e9veloppement durable, a rappel\u00e9 le ministre d\u00e9l\u00e9gu\u00e9.<\/p>\n<p><strong>Lire aussi| <a href=\"https:\/\/www.challenge.ma\/dakhla-el-guerguerat-grand-prix-omar-bekkari-une-premiere-edition-remarquee-174356\/\">Dakhla-El Guerguerat Grand Prix Omar Bekkari : Une premi\u00e8re \u00e9dition remarqu\u00e9e<\/a><\/strong><\/p>\n<p>\u00ab\u00a0Le projet de plan d\u2019action est compos\u00e9 de 18 programmes s\u2019inscrivant dans le cadre de cinq axes li\u00e9s au renforcement de la gouvernance de la gestion des risques naturels, \u00e0 l\u2019am\u00e9lioration de la connaissance et l\u2019\u00e9valuation des risques naturels, \u00e0 la pr\u00e9vention des risques naturels et le renforcement de la capacit\u00e9 de r\u00e9ponse, \u00e0 la pr\u00e9paration aux catastrophes pour avancer rapidement et \u00e0 une reconstruction efficace ainsi qu\u2019au renforcement de la recherche scientifique et de la coop\u00e9ration internationale et la construction des comp\u00e9tences dans le domaine de la gestion des risques naturels\u00a0\u00bb, expliqu\u00e9 le ministre. Il est \u00e0 noter que ce plan d\u2019action repose sur quatre piliers principaux. Il s\u2019agit notamment de l\u2019implication de tous les acteurs aux niveaux central et local, la diversification des sources de financement li\u00e9es \u00e0 la pr\u00e9vention des risques naturels, la promotion de la recherche scientifique dans le domaine de la pr\u00e9vention des effets des catastrophes naturelles et le renforcement des formes et des moyens de coop\u00e9ration internationale dans ce domaine.<\/p>\n<p>Auteur: challenge<br \/>\n<a href=\"https:\/\/www.challenge.ma\/lancement-dun-systeme-de-suivi-et-devaluation-de-la-mise-en-oeuvre-du-plan-daction-national-des-risques-de-catastrophes-naturelles-174382\/\">Cliquez ici pour lire l&rsquo;article depuis sa source.<\/a><\/p>\n","protected":false},"excerpt":{"rendered":"<p>Pour mieux faire face aux cons\u00e9quences drastiques des intemp\u00e9ries et autres, le Maroc op\u00e9rationnalise un syst\u00e8me de suivi et d\u2019\u00e9valuation des diff\u00e9rentes \u00e9tapes de l\u2019\u00e9tat d\u2019avancement et de la mise en oeuvre des programmes du Plan d\u2019action national de gestion des risques de catastrophes naturelles. Les d\u00e9tails.Selon le ministre d\u00e9l\u00e9gu\u00e9 aupr\u00e8s du ministre de l\u2019Int\u00e9rieur, [&hellip;]<\/p>\n","protected":false},"author":1787,"featured_media":0,"comment_status":"closed","ping_status":"closed","sticky":false,"template":"","format":"standard","meta":{"fifu_image_url":"","fifu_image_alt":"","footnotes":""},"categories":[78,54],"tags":[],"class_list":["post-110682","post","type-post","status-publish","format-standard","hentry","category-economie","category-maroc"],"_links":{"self":[{"href":"https:\/\/linitiative.ca\/International\/wp-json\/wp\/v2\/posts\/110682","targetHints":{"allow":["GET"]}}],"collection":[{"href":"https:\/\/linitiative.ca\/International\/wp-json\/wp\/v2\/posts"}],"about":[{"href":"https:\/\/linitiative.ca\/International\/wp-json\/wp\/v2\/types\/post"}],"author":[{"embeddable":true,"href":"https:\/\/linitiative.ca\/International\/wp-json\/wp\/v2\/users\/1787"}],"replies":[{"embeddable":true,"href":"https:\/\/linitiative.ca\/International\/wp-json\/wp\/v2\/comments?post=110682"}],"version-history":[{"count":0,"href":"https:\/\/linitiative.ca\/International\/wp-json\/wp\/v2\/posts\/110682\/revisions"}],"wp:attachment":[{"href":"https:\/\/linitiative.ca\/International\/wp-json\/wp\/v2\/media?parent=110682"}],"wp:term":[{"taxonomy":"category","embeddable":true,"href":"https:\/\/linitiative.ca\/International\/wp-json\/wp\/v2\/categories?post=110682"},{"taxonomy":"post_tag","embeddable":true,"href":"https:\/\/linitiative.ca\/International\/wp-json\/wp\/v2\/tags?post=110682"}],"curies":[{"name":"wp","href":"https:\/\/api.w.org\/{rel}","templated":true}]}}