{"id":110689,"date":"2021-02-05T14:18:04","date_gmt":"2021-02-05T19:18:04","guid":{"rendered":"https:\/\/linitiative.ca\/International\/ua-quelles-priorites-pour-le-nouveau-mandat-de-faki\/"},"modified":"2021-02-05T14:18:04","modified_gmt":"2021-02-05T19:18:04","slug":"ua-quelles-priorites-pour-le-nouveau-mandat-de-faki","status":"publish","type":"post","link":"https:\/\/linitiative.ca\/International\/ua-quelles-priorites-pour-le-nouveau-mandat-de-faki\/","title":{"rendered":"UA : quelles priorit\u00e9s pour le nouveau mandat de Faki ?"},"content":{"rendered":"<p>Candidat pour un second mandat en tant que pr\u00e9sident de la Commission de l\u2019Union africaine (UA), Moussa Faki Mahamat se fixe huit objectifs majeurs.L\u2019ancien chef de la diplomatie tchadienne se dirige vers un ultime mandat \u00e0 la t\u00eate de l\u2019organisation continentale. Dans un programme d\u2019une trentaine de pages, Moussa Faki Mahamat d\u00e9taille sa vision pour les quatre prochaines ann\u00e9es.<\/p>\n<p>\u00ab Je ne saurais promettre ce que je sais au-del\u00e0 de mes capacit\u00e9s et de mes pouvoirs. Je ne saurais, non plus, c\u00e9der \u00e0 la dispersion et \u00e0 une boulimie politique vaine, non cr\u00e9dible et inappropri\u00e9e. Aussi, je me propose de centrer les efforts sur des priorit\u00e9s en harmonie avec l\u2019Agenda 2063. Ma volont\u00e9 est de m\u2019investir, avec la future Commission, \u00e0 faire progresser de fa\u00e7on significative notre projet panafricaniste en me concentrant sur des domaines prioritaires ayant une vocation continentale \u00bb, a-t-il promis.<\/p>\n<p>Le pr\u00e9sident de la Commission de l\u2019Union africaine (UA) veut inscrire son action dans un \u00ab cadre programmatique rigoureux \u00bb auquel il tiendra dans la mesure de ses possibilit\u00e9s. \u00c9lu pour la premi\u00e8re fois en 2017, M. Mahamat affirme que l\u2019ampleur d\u00e9concertante des demandes et les contraintes impos\u00e9es par la limitation des ressources imposent des choix parfois douloureux.<\/p>\n<p>Malgr\u00e9 tout, sa premi\u00e8re priorit\u00e9 est de parachever la r\u00e9forme institutionnelle et de renforcer le leadership de la Commission. Pour ce faire, l\u2019Union africaine projette de construire un syst\u00e8me de financement soutenable, de renforcer le m\u00e9canisme de mise en \u0153uvre et de suivi de la r\u00e9forme mais aussi l\u2019unit\u00e9 et la coh\u00e9sion des d\u00e9partements.<\/p>\n<p>Le deuxi\u00e8me volet consiste \u00e0 accro\u00eetre la transparence administrative et financi\u00e8re. Dans le projet de construction d\u2019\u00ab une institution bien gouvern\u00e9e, il est primordial de continuer \u00e0 consolider les cadres et les syst\u00e8mes de gouvernance afin de renforcer la responsabilit\u00e9 redditionnelle dans toutes les sph\u00e8res de l\u2019administration et des finances\u00a0\u00bb, s\u2019engage l\u2019ex-Premier ministre du Tchad.<\/p>\n<p>Dans le but de mat\u00e9rialiser ce point, tous les d\u00e9partements et bureaux seront instruits de s\u2019inspirer des performances ax\u00e9es sur les r\u00e9sultats et de la gestion prudente des ressources, conform\u00e9ment aux r\u00e8gles, r\u00e8glements et politiques \u00e9tablis en la mati\u00e8re.<\/p>\n<p>Des efforts particuliers seront port\u00e9s sur la r\u00e9duction, voire la suppression, des goulots d\u2019\u00e9tranglement qui affectent consid\u00e9rablement les r\u00e9sultats. Davantage de mesures administratives et disciplinaires seront prises en tant que de besoin pour am\u00e9liorer le fonctionnement de la Commission et de ses organes. A cet effet, les recommandations et r\u00e9sultats des audits externes connaitront une mise en \u0153uvre diligente.<\/p>\n<p>A lire aussi: UA : le bilan de Moussa Faki Mahamat en question<\/p>\n<p>La troisi\u00e8me priorit\u00e9 pour Faki, c\u2019est de \u00ab faire taire les armes \u00bb \u00e0 l\u2019\u00e9chelle du continent. \u00ab Le prochain mandat pourrait \u00eatre un \u00e9chec si nous ne parvenons pas \u00e0 r\u00e9duire substantiellement le bruit des armes dans les pays en proie aux crises et conflits arm\u00e9s\u00a0\u00bb, indique-t-il.<\/p>\n<p>Ce faisant, il entend \u00e9radiquer le terrorisme dans le Sahel, la r\u00e9gion du Lac Tchad, au Mozambique, en Tanzanie et en Somalie, consolider la paix en R\u00e9publique centrafricaine, au Soudan du Sud, en Libye, au Soudan et apporter la contribution de l\u2019Afrique \u00e0 la solution du conflit au Sahara Occidental.<\/p>\n<p>\u00ab D\u00e9velopper l\u2019alerte pr\u00e9coce et la pr\u00e9vention, promouvoir la m\u00e9diation africaine, raffermir le principe de la solution des probl\u00e8mes africains par les africains, respecter les principes d\u00e9mocratiques et les droits de l\u2019Homme devraient \u00eatre, entre autres, les instruments de cette priorit\u00e9 \u00bb, se persuade le pr\u00e9sident de la Commission de l\u2019UA.<\/p>\n<p>En outre, le Tchadien veut, gr\u00e2ce \u00e0 son quatri\u00e8me objectif, \u00ab conduire \u00e0 bon port certains projets int\u00e9grateurs \u00bb en poursuivant quatre grands projets. Le succ\u00e8s de la Zone de libre-\u00e9change continentale africaine (Zlecaf) se situe au premier rang de ceux-ci.<\/p>\n<p>Pour donner corps \u00e0 ce v\u0153u cher, Moussa Faki Mahamat va s\u2019employer \u00e0 \u00ab mobiliser les ressources n\u00e9cessaires aux appuis au Secr\u00e9tariat de la Zlecaf pour une mise en \u0153uvre m\u00e9thodique, progressive mais ferme de ce projet strat\u00e9gique de notre continent \u00bb.<\/p>\n<p>Dans le m\u00eame ordre d\u2019id\u00e9es, il d\u00e9clare : \u00ab La question des infrastructures me mobilise tout particuli\u00e8rement. Je ferais tout pour que ce mandat connaisse le lancement effectif de l\u2019un, au moins, de nos grands projets continentaux d\u2019infrastructures : chemin de fer int\u00e9grateur ? Barrage d\u2019approvisionnement hydro\u00e9lectrique ? Ring road d\u2019union et d\u2019ouverture de l\u2019Afrique au monde ? Cit\u00e9 de la jeunesse et de la r\u00e9volution num\u00e9rique ? \u00bb<\/p>\n<p>A en croire l\u2019ancien pr\u00e9sident du Conseil \u00e9conomique et social tchadien, la priorisation de l\u2019un de ces projets sera jug\u00e9e en fonction de la pertinence, de la faisabilit\u00e9 et des capacit\u00e9s de mobilisation des ressources.<\/p>\n<p>A lire aussi: La vice-pr\u00e9sidence, principal enjeu des \u00e9lections de l\u2019UA<\/p>\n<p>Dans le d\u00e9veloppement de sa cinqui\u00e8me priorit\u00e9, le patron de la Commission de l\u2019UA dit vouloir \u00ab faire reculer la pauvret\u00e9, se battre pour l\u2019autosuffisance alimentaire, la r\u00e9silience \u00e0 travers un nouvel essor de l\u2019agriculture et de l\u2019\u00e9conomie bleue, la protection de l\u2019environnement \u00bb.<\/p>\n<p>Tandis que les femmes et les jeunes sont vis\u00e9s dans la sixi\u00e8me priorit\u00e9 avec notamment l\u2019op\u00e9rationnalisation des politiques en leur faveur. L\u2019avant-derni\u00e8re priorit\u00e9 consiste \u00e0 \u00ab impulser la pens\u00e9e africaine sur les d\u00e9terminants patents des crises \u00bb.<\/p>\n<p>Ce point renvoie \u00e0 quatre th\u00e9matiques importantes au sujet desquelles il s\u2019efforcera de faire progresser la pens\u00e9e africaine au sein des principaux centres des d\u00e9cideurs continentaux.<\/p>\n<p>La question du constitutionnalisme et de l\u2019Etat de droit y figure en bonne place. Parce que de nombreuses crises politiques graves r\u00e9sultent d\u2019attitudes discutables vis-\u00e0-vis des fondements de nos Etats.<\/p>\n<p>De l\u2019avis de Moussa Faki Mahamat, \u00ab l\u2019irrespect de notre constitutionnalisme s\u2019invite comme d\u00e9terminant r\u00e9current de nos crises. Nous ne pouvons rester longtemps silencieux au regard de ce sujet. Il ne s\u2019agit pas de mettre en cause la valeur du principe fondamental du libre choix de chaque peuple, de chaque Etat, d\u2019adopter le syst\u00e8me constitutionnel qui lui est propre. Il s\u2019agit de renforcer le plaidoyer pour que les Etats membres respectent de tels choix une fois adopt\u00e9s et devenus le fondement du pouvoir et de sa d\u00e9volution pacifique dans tel ou tel Etat membre de notre organisation \u00bb.<\/p>\n<p>Enfin, le diplomate tchadien, conscient que \u00ab la coop\u00e9ration et la solidarit\u00e9 internationales sont irrempla\u00e7ables \u00bb dans un \u00ab monde \u00e0 la fois multiple et un \u00bb, ambitionne de \u00ab ressourcer nos partenariats strat\u00e9giques \u00bb.<\/p>\n<p>\u00ab L\u2019Afrique et l\u2019Asie, l\u2019Afrique et l\u2019Europe, l\u2019Afrique et l\u2019Am\u00e9rique, comment ne pas \u00eatre fier que notre continent soit aujourd\u2019hui au centre de ces immenses ensembles g\u00e9ostrat\u00e9giques ? En d\u00e9finitive pourtant, nous ne jouirons pleinement de ce statut qu\u2019\u00e0 la condition de nous affirmer, sans complexe ni ombrage, dans notre propre \u00eatre, notre personnalit\u00e9, notre identit\u00e9, sur une base de totale \u00e9galit\u00e9 avec les autres \u00bb, conclut le pr\u00e9sident de la Commission de l\u2019UA.<\/p>\n<p>Auteur: APA News<br \/>\n<a href=\"https:\/\/www.journalducameroun.com\/ua-quelles-priorites-pour-le-nouveau-mandat-de-faki\/\">Cliquez ici pour lire l&rsquo;article depuis sa source.<\/a><\/p>\n","protected":false},"excerpt":{"rendered":"<p>Candidat pour un second mandat en tant que pr\u00e9sident de la Commission de l\u2019Union africaine (UA), Moussa Faki Mahamat se fixe huit objectifs majeurs.L\u2019ancien chef de la diplomatie tchadienne se dirige vers un ultime mandat \u00e0 la t\u00eate de l\u2019organisation continentale. Dans un programme d\u2019une trentaine de pages, Moussa Faki Mahamat d\u00e9taille sa vision pour [&hellip;]<\/p>\n","protected":false},"author":1965,"featured_media":0,"comment_status":"closed","ping_status":"closed","sticky":false,"template":"","format":"standard","meta":{"fifu_image_url":"","fifu_image_alt":"","footnotes":""},"categories":[73,82],"tags":[],"class_list":["post-110689","post","type-post","status-publish","format-standard","hentry","category-actualite","category-cameroun"],"_links":{"self":[{"href":"https:\/\/linitiative.ca\/International\/wp-json\/wp\/v2\/posts\/110689","targetHints":{"allow":["GET"]}}],"collection":[{"href":"https:\/\/linitiative.ca\/International\/wp-json\/wp\/v2\/posts"}],"about":[{"href":"https:\/\/linitiative.ca\/International\/wp-json\/wp\/v2\/types\/post"}],"author":[{"embeddable":true,"href":"https:\/\/linitiative.ca\/International\/wp-json\/wp\/v2\/users\/1965"}],"replies":[{"embeddable":true,"href":"https:\/\/linitiative.ca\/International\/wp-json\/wp\/v2\/comments?post=110689"}],"version-history":[{"count":0,"href":"https:\/\/linitiative.ca\/International\/wp-json\/wp\/v2\/posts\/110689\/revisions"}],"wp:attachment":[{"href":"https:\/\/linitiative.ca\/International\/wp-json\/wp\/v2\/media?parent=110689"}],"wp:term":[{"taxonomy":"category","embeddable":true,"href":"https:\/\/linitiative.ca\/International\/wp-json\/wp\/v2\/categories?post=110689"},{"taxonomy":"post_tag","embeddable":true,"href":"https:\/\/linitiative.ca\/International\/wp-json\/wp\/v2\/tags?post=110689"}],"curies":[{"name":"wp","href":"https:\/\/api.w.org\/{rel}","templated":true}]}}