{"id":110690,"date":"2021-02-05T14:18:04","date_gmt":"2021-02-05T19:18:04","guid":{"rendered":"https:\/\/linitiative.ca\/International\/ua-le-bilan-de-moussa-faki-mahamat-en-question\/"},"modified":"2021-02-05T14:18:04","modified_gmt":"2021-02-05T19:18:04","slug":"ua-le-bilan-de-moussa-faki-mahamat-en-question","status":"publish","type":"post","link":"https:\/\/linitiative.ca\/International\/ua-le-bilan-de-moussa-faki-mahamat-en-question\/","title":{"rendered":"UA : le bilan de Moussa Faki Mahamat en question"},"content":{"rendered":"<div readability=\"32\">\n<p>Publi\u00e9 le 05.02.2021 \u00e0 20h18 par APA News<\/p>\n<\/div>\n<div readability=\"157\">\n<p>Le Tchadien boucle quatre ann\u00e9es de pr\u00e9sidence de la Commission de l\u2019Union africaine (CUA) durant lesquelles il a presque fait l\u2019unanimit\u00e9.En janvier 2017, il a fallu pas moins de sept tours de scrutin \u00e0 Moussa Faki Mahamat pour acc\u00e9der au poste de pr\u00e9sident de la Commission de l\u2019UA. Quatre ans plus tard, il est sur un boulevard pour d\u00e9crocher un second mandat. En grande partie gr\u00e2ce \u00e0 son bilan globalement jug\u00e9 positif.<\/p>\n<p>\u00ab Si le pr\u00e9sident Faki (60 ans) se repr\u00e9sente, c\u2019est qu\u2019il b\u00e9n\u00e9ficie du soutien de la majorit\u00e9 des chefs d\u2019Etat et de gouvernement. Il a des relations avec les v\u00e9ritables d\u00e9cideurs de l\u2019Union africaine. Sur ce terrain-l\u00e0, le soutien du pr\u00e9sident Idriss Deby Itno est un \u00e9l\u00e9ment important \u00bb, d\u00e9crypte Gilles Yabi, fondateur du think-thank Wathi.<\/p>\n<p>Parmi les missions assign\u00e9es \u00e0 ce diplomate lors de son \u00e9lection, figurait la r\u00e9forme institutionnelle de l\u2019organisation panafricaine sous la pr\u00e9sidence Paul Kagam\u00e9, pr\u00e9sident du Rwanda. Cette r\u00e9forme visait \u00e0 rendre l\u2019UA moins bureaucratique et plus efficace dans sa gestion.<\/p>\n<p>A lire aussi: UA : quelles priorit\u00e9s pour le nouveau mandat de Faki ?<\/p>\n<p>Durant son premier mandat, des progr\u00e8s ont \u00e9t\u00e9 accomplis avec notamment la restructuration de la Commission, l\u2019institution d\u2019un Sommet de coordination en lieu et place de deux sommets par an, la r\u00e9partition des t\u00e2ches entre la Commission et les Communaut\u00e9s Economiques R\u00e9gionales (CER), le financement de l\u2019organisation et la mise en \u0153uvre des r\u00e9formes budg\u00e9taires.<\/p>\n<p>Au plan s\u00e9curitaire, l\u2019Union africaine s\u2019est impliqu\u00e9e dans la r\u00e9solution de nombreuses crises en Somalie, au Soudan du Sud, en R\u00e9publique centrafricaine et au Soudan etc.<\/p>\n<p>L\u2019Organisation a adopt\u00e9 une r\u00e9solution au Sommet de Nouakchott relative au conflit du Sahara Occidental. Celle-ci a consacr\u00e9 sa volont\u00e9 d\u2019apporter aux efforts des Nations unies un soutien actif pour une solution juste et \u00e9quitable \u00e0 ce lancinant diff\u00e9rend.<\/p>\n<p>Toutefois, la cr\u00e9ation de la Zone de libre-\u00e9change continentale africaine (Zlecaf) en mars 2018 \u00e0 Kigali (Rwanda), son lancement en juin 2019 \u00e0 Niamey (Niger), la nomination de son Secr\u00e9taire G\u00e9n\u00e9ral et son installation \u00e0 Accra (Ghana) en ao\u00fbt 2020, repr\u00e9sentent un point positif majeur dans le bilan de Moussa Faki Mahamat.<\/p>\n<p>\u00ab On sait tr\u00e8s bien que dans notre continent, le vrai probl\u00e8me ce n\u2019est pas d\u2019avoir des chartes ou des documents, c\u2019est plut\u00f4t la mise en \u0153uvre effective dans les Etats qui pose probl\u00e8me. Malgr\u00e9 tout, il faut saluer que ce processus laborieux soit all\u00e9 \u00e0 son terme \u00bb, indique M. Yabi.<\/p>\n<p>En janvier 2018, l\u2019adoption du Protocole relatif \u00e0 la libre circulation des personnes, au droit de r\u00e9sidence et au droit d\u2019\u00e9tablissement ainsi que l\u2019instauration d\u2019un passeport panafricain en f\u00e9vrier 2019 ont constitu\u00e9 une \u00e9tape importante vers une plus grande int\u00e9gration africaine.<\/p>\n<p>A ces succ\u00e8s, s\u2019ajoute le lancement en janvier 2018 du March\u00e9 unique de transport a\u00e9rien africain (Mutaa), initiative d\u00e9nomm\u00e9e \u00ab ciel ouvert de l\u2019Afrique \u00bb qui concourt \u00e0 la cr\u00e9ation d\u2019un march\u00e9 unique et unifi\u00e9, gr\u00e2ce \u00e0 la lib\u00e9ralisation de l\u2019espace a\u00e9rien du continent.<\/p>\n<p>Toutefois, l\u2019autonomie financi\u00e8re de l\u2019organisation garantissant sa souverainet\u00e9 politique risque de plomber certaines missions essentielles. \u00ab La plupart des \u00c9tats membres ne paient pas \u00e0 temps\u00a0\u00bb, note un rapport publi\u00e9 en juillet 2018 lors du Sommet de Nouakchott (Mauritanie) et cela a \u00ab un impact n\u00e9gatif sur la mise en \u0153uvre des programmes et l\u2019ex\u00e9cution des budgets \u00bb.<\/p>\n<p>Au plan politique, l\u2019Union africaine a manqu\u00e9 d\u2019harmonie pendant la derni\u00e8re \u00e9lection pr\u00e9sidentielle en R\u00e9publique d\u00e9mocratique du Congo (RDC). Certains chefs d\u2019Etat ont f\u00e9licit\u00e9 le nouveau pr\u00e9sident F\u00e9lix Tshisekedi alors que le pr\u00e9sident de la Commission a, dans un communiqu\u00e9, mis en doute les r\u00e9sultats du scrutin.<\/p>\n<p>Le repr\u00e9sentant l\u00e9gal de l\u2019Union africaine et l\u2019Ordonnateur principal du budget de la Commission est encore vu par des pr\u00e9sidents comme une sorte de secr\u00e9tariat charg\u00e9 d\u2019ex\u00e9cuter ce dont ils d\u00e9cident.<\/p>\n<p>Avec un champ d\u2019action limit\u00e9, la Commission de l\u2019Union africaine a eu du mal \u00e0 mettre en \u0153uvre son programme \u00ab Faire taire les armes \u00bb en 2020. Si elle compte d\u00e9sormais apporter des \u00ab solutions africaines \u00bb aux conflits sur le continent, la CUA a \u00e9t\u00e9 mise \u00e0 l\u2019\u00e9cart par les puissances occidentales en Libye.<\/p>\n<p>A lire aussi: La vice-pr\u00e9sidence, principal enjeu des \u00e9lections de l\u2019UA<\/p>\n<p>En termes de gouvernance d\u00e9mocratique, l\u2019Union africaine a souvent montr\u00e9 une impuissance. \u00ab Le continent s\u2019est dot\u00e9 d\u2019une charte sur les \u00e9lections et la gouvernance mais beaucoup de chefs d\u2019Etat ne respectent pas l\u2019esprit et la lettre de (ce texte) comme le principe de la limitation des mandats \u00bb, souligne Gilles Yabi.<\/p>\n<p>Ce dernier soutient que \u00ab le pr\u00e9sident de la Commission est conscient de la difficult\u00e9 pour l\u2019Union africaine d\u2019aller au-del\u00e0 des pr\u00e9conisations et des propositions \u00bb. N\u00e9anmoins, l\u2019analyste politique pense que l\u2019ancien Premier ministre tchadien aura plus de marge de man\u0153uvre.<\/p>\n<p>\u00ab On attend de lui une volont\u00e9 plus affirm\u00e9e pour mettre les pieds dans le plat par rapport \u00e0 la limitation des mandats et du refus de l\u2019alternance y compris au Tchad o\u00f9 il a \u00e9t\u00e9 ministre des Affaires Etrang\u00e8res. Dans ce pays, il n\u2019y a pas d\u2019alternance depuis trois d\u00e9cennies \u00bb, signale le fondateur de Wathi.<\/p>\n<p>La 34e Session ordinaire de l\u2019Assembl\u00e9e des chefs d\u2019Etat et de gouvernement de l\u2019Union africaine (UA) se tient les 7 et 8 f\u00e9vrier 2021 \u00e0 Addis Abeba (Ethiopie) sous le th\u00e8me \u00ab Arts, culture et patrimoine : un levier pour construire l\u2019Afrique que nous voulons \u00bb.<\/p>\n<\/div>\n<p>Auteur: APA News<br \/>\n<a href=\"https:\/\/www.journalducameroun.com\/ua-le-bilan-de-moussa-faki-mahamat-en-question\/\">Cliquez ici pour lire l&rsquo;article depuis sa source.<\/a><\/p>\n","protected":false},"excerpt":{"rendered":"<p>Publi\u00e9 le 05.02.2021 \u00e0 20h18 par APA News Le Tchadien boucle quatre ann\u00e9es de pr\u00e9sidence de la Commission de l\u2019Union africaine (CUA) durant lesquelles il a presque fait l\u2019unanimit\u00e9.En janvier 2017, il a fallu pas moins de sept tours de scrutin \u00e0 Moussa Faki Mahamat pour acc\u00e9der au poste de pr\u00e9sident de la Commission de [&hellip;]<\/p>\n","protected":false},"author":1965,"featured_media":0,"comment_status":"closed","ping_status":"closed","sticky":false,"template":"","format":"standard","meta":{"fifu_image_url":"","fifu_image_alt":"","footnotes":""},"categories":[73,82],"tags":[],"class_list":["post-110690","post","type-post","status-publish","format-standard","hentry","category-actualite","category-cameroun"],"_links":{"self":[{"href":"https:\/\/linitiative.ca\/International\/wp-json\/wp\/v2\/posts\/110690","targetHints":{"allow":["GET"]}}],"collection":[{"href":"https:\/\/linitiative.ca\/International\/wp-json\/wp\/v2\/posts"}],"about":[{"href":"https:\/\/linitiative.ca\/International\/wp-json\/wp\/v2\/types\/post"}],"author":[{"embeddable":true,"href":"https:\/\/linitiative.ca\/International\/wp-json\/wp\/v2\/users\/1965"}],"replies":[{"embeddable":true,"href":"https:\/\/linitiative.ca\/International\/wp-json\/wp\/v2\/comments?post=110690"}],"version-history":[{"count":0,"href":"https:\/\/linitiative.ca\/International\/wp-json\/wp\/v2\/posts\/110690\/revisions"}],"wp:attachment":[{"href":"https:\/\/linitiative.ca\/International\/wp-json\/wp\/v2\/media?parent=110690"}],"wp:term":[{"taxonomy":"category","embeddable":true,"href":"https:\/\/linitiative.ca\/International\/wp-json\/wp\/v2\/categories?post=110690"},{"taxonomy":"post_tag","embeddable":true,"href":"https:\/\/linitiative.ca\/International\/wp-json\/wp\/v2\/tags?post=110690"}],"curies":[{"name":"wp","href":"https:\/\/api.w.org\/{rel}","templated":true}]}}