{"id":110691,"date":"2021-02-05T17:18:02","date_gmt":"2021-02-05T22:18:02","guid":{"rendered":"https:\/\/linitiative.ca\/International\/la-star-du-cinema-egyptien-ezzat-el-alaili-nest-plus\/"},"modified":"2021-02-05T17:18:02","modified_gmt":"2021-02-05T22:18:02","slug":"la-star-du-cinema-egyptien-ezzat-el-alaili-nest-plus","status":"publish","type":"post","link":"https:\/\/linitiative.ca\/International\/la-star-du-cinema-egyptien-ezzat-el-alaili-nest-plus\/","title":{"rendered":"La star du cin\u00e9ma \u00e9gyptien Ezzat El Alaili n\u2019est plus"},"content":{"rendered":"<div readability=\"32\">\n<p>Publi\u00e9 le 05.02.2021 \u00e0 23h18 par APA News<\/p>\n<\/div>\n<div readability=\"72\">\n<p>Par Mohamed Fayed \u2014 La star du cin\u00e9ma \u00e9gyptien, Ezzat El Alaili a rendu l\u2019\u00e2me ce vendredi 5 f\u00e9vrier, \u00e0 l\u2019\u00e2ge de 86 ans, a annonc\u00e9 son fils Mahmoud El Alaili.Le Syndicat \u00e9gyptien des acteurs professionnels a d\u00e9plor\u00e9 la mort du d\u00e9funt, alors que ses coll\u00e8gues artistes l\u2019ont consid\u00e9r\u00e9, dans des tweets, comme \u00e9tant un grand acteur qui a toujours fait preuve d\u2019un \u00ab professionnalisme rare \u00bb.<\/p>\n<p>La derni\u00e8re apparition du d\u00e9funt \u00e9tait lors de la derni\u00e8re \u00e9dition du Festival international d\u2019Alexandrie du film m\u00e9diterran\u00e9en, tenue en novembre dernier, o\u00f9 il a \u00e9t\u00e9 honor\u00e9 avec une pl\u00e9iade de stars du septi\u00e8me art en \u00c9gypte et dans le monde arabe.<\/p>\n<p>N\u00e9 dans le quartier Bab Shaeriya, au Caire, en 1936, Ezzat El Alaili, avait \u00e9t\u00e9 r\u00e9compens\u00e9 pour l\u2019ensemble de ses r\u00f4les (il en aura interpr\u00e9t\u00e9 plus de 160, tout au long de sa prolifique carri\u00e8re) au festival international du film de Duba\u00ef en 2015.<\/p>\n<p>Ezzat El Alaili est laur\u00e9at de l\u2019Institut sup\u00e9rieur des arts dramatiques en 1960 et a camp\u00e9 plusieurs r\u00f4les au th\u00e9\u00e2tre et au cin\u00e9ma, notamment dans le film \u00abLettre d\u2019une femme inconnue\u00bb (1962), r\u00e9alis\u00e9 par l\u2019\u00c9gyptien Salah Abou Seif.<\/p>\n<p>Tous les fans de cin\u00e9ma \u00e9gyptien se souviennent du r\u00f4le qu\u2019il avait interpr\u00e9t\u00e9 dans le film \u00abAl Ard\u00bb (\u00abLa Terre\u00bb) de Youssef Chahine, en 1969.<\/p>\n<p>Le d\u00e9funt avait aussi pr\u00e9sent\u00e9, durant plusieurs ann\u00e9es, des \u00e9missions \u00e0 la t\u00e9l\u00e9vision, avant de se lancer dans une riche carri\u00e8re d\u2019acteur de cin\u00e9ma.<\/p>\n<\/div>\n<p>Auteur: APA News<br \/>\n<a href=\"https:\/\/www.journalducameroun.com\/la-star-du-cinema-egyptien-ezzat-el-alaili-nest-plus\/\">Cliquez ici pour lire l&rsquo;article depuis sa source.<\/a><\/p>\n","protected":false},"excerpt":{"rendered":"<p>Publi\u00e9 le 05.02.2021 \u00e0 23h18 par APA News Par Mohamed Fayed \u2014 La star du cin\u00e9ma \u00e9gyptien, Ezzat El Alaili a rendu l\u2019\u00e2me ce vendredi 5 f\u00e9vrier, \u00e0 l\u2019\u00e2ge de 86 ans, a annonc\u00e9 son fils Mahmoud El Alaili.Le Syndicat \u00e9gyptien des acteurs professionnels a d\u00e9plor\u00e9 la mort du d\u00e9funt, alors que ses coll\u00e8gues artistes [&hellip;]<\/p>\n","protected":false},"author":1965,"featured_media":0,"comment_status":"closed","ping_status":"closed","sticky":false,"template":"","format":"standard","meta":{"fifu_image_url":"","fifu_image_alt":"","footnotes":""},"categories":[73,82],"tags":[],"class_list":["post-110691","post","type-post","status-publish","format-standard","hentry","category-actualite","category-cameroun"],"_links":{"self":[{"href":"https:\/\/linitiative.ca\/International\/wp-json\/wp\/v2\/posts\/110691","targetHints":{"allow":["GET"]}}],"collection":[{"href":"https:\/\/linitiative.ca\/International\/wp-json\/wp\/v2\/posts"}],"about":[{"href":"https:\/\/linitiative.ca\/International\/wp-json\/wp\/v2\/types\/post"}],"author":[{"embeddable":true,"href":"https:\/\/linitiative.ca\/International\/wp-json\/wp\/v2\/users\/1965"}],"replies":[{"embeddable":true,"href":"https:\/\/linitiative.ca\/International\/wp-json\/wp\/v2\/comments?post=110691"}],"version-history":[{"count":0,"href":"https:\/\/linitiative.ca\/International\/wp-json\/wp\/v2\/posts\/110691\/revisions"}],"wp:attachment":[{"href":"https:\/\/linitiative.ca\/International\/wp-json\/wp\/v2\/media?parent=110691"}],"wp:term":[{"taxonomy":"category","embeddable":true,"href":"https:\/\/linitiative.ca\/International\/wp-json\/wp\/v2\/categories?post=110691"},{"taxonomy":"post_tag","embeddable":true,"href":"https:\/\/linitiative.ca\/International\/wp-json\/wp\/v2\/tags?post=110691"}],"curies":[{"name":"wp","href":"https:\/\/api.w.org\/{rel}","templated":true}]}}