{"id":110692,"date":"2021-02-05T18:04:26","date_gmt":"2021-02-05T23:04:26","guid":{"rendered":"https:\/\/linitiative.ca\/International\/libye-mohammad-menfi-elu-a-la-tete-du-conseil-presidentiel\/"},"modified":"2021-02-05T18:04:26","modified_gmt":"2021-02-05T23:04:26","slug":"libye-mohammad-menfi-elu-a-la-tete-du-conseil-presidentiel","status":"publish","type":"post","link":"https:\/\/linitiative.ca\/International\/libye-mohammad-menfi-elu-a-la-tete-du-conseil-presidentiel\/","title":{"rendered":"Libye: Mohammad Menfi \u00e9lu \u00e0 la t\u00eate du Conseil pr\u00e9sidentiel"},"content":{"rendered":"<div readability=\"32\">\n<p>Publi\u00e9 le 06.02.2021 \u00e0 00h18 par APA News<\/p>\n<\/div>\n<div readability=\"74\">\n<p>Mohammad Younes Menfi a \u00e9t\u00e9 \u00e9lu vendredi pr\u00e9sident du Conseil pr\u00e9sidentiel, par le Forum du dialogue politique libyen, r\u00e9uni pr\u00e8s de Gen\u00e8ve sous l\u2019\u00e9gide de l\u2019ONU pour d\u00e9signer le pouvoir ex\u00e9cutif unifi\u00e9 qui devra diriger le pays jusqu\u2019\u00e0 la tenue d\u2019\u00e9lections en d\u00e9cembre prochain.Son colistier Abdul Hamid Mohammed Dbeibah , a \u00e9t\u00e9 \u00e9lu, quant \u00e0 lui, par les 74 membres du Forum, au poste de Premier ministre, selon les r\u00e9sultats publi\u00e9s en direct sur TV ONU. Sur la m\u00eame liste victorieuse, figurent Mossa Al-Koni et Abdullah Hussein Al-Lafi qui occuperont les postes de vice-Pr\u00e9sidents du Conseil pr\u00e9sidentiel.<\/p>\n<p>MM. Menfi et Dbeibah dirigeront d\u00e9sormais le pouvoir ex\u00e9cutif unifi\u00e9 qui aura pour mission de \u00ab r\u00e9unifier les institutions de l\u2019Etat et assurer la s\u00e9curit\u00e9 \u00bb jusqu\u2019aux \u00e9lections pr\u00e9vues en d\u00e9cembre.<\/p>\n<p>Le vote de ce vendredi s\u2019est d\u00e9roul\u00e9 sous le format des listes, apr\u00e8s qu\u2019aucun candidat au premier tour tenu mardi dernier n\u2019ait obtenu le seuil requis, \u00e0 savoir 75% des voix, sur la base du m\u00e9canisme des coll\u00e8ges \u00e9lectoraux des trois r\u00e9gions, la Tripolitaine (ouest), la Cyr\u00e9na\u00efque (est) et le Fezzan (ouest).<\/p>\n<p>Quatre listes \u00e9taient en lice pour briguer les postes du Conseil de Pr\u00e9sidence et de Premier Ministre. Dans un premier round, deux listes ont \u00e9t\u00e9 \u00e9limin\u00e9es. Les membres du Forum politique ont d\u00fb voter une seconde fois pour d\u00e9partager les deux listes ayant obtenu le plus grand nombre de voix.<\/p>\n<p>Les 74 membres du Forum politique devaient choisir entre la liste port\u00e9e par Mohammad Younes Menfi, Mossa Al-Koni, Abdullah Hussein Al-Lafi, et Abdul Hamid Mohammed Dbeibah, et l\u2019autre liste pr\u00e9sent\u00e9e par Aquila Saleh Qwaider, Osama Abdul Salam Juwaili, Abdul Majeed Ghaith Seif Al-Naser et Fathi Ali Abdul Salam Bashagha.<\/p>\n<\/div>\n<p>Auteur: APA News<br \/>\n<a href=\"https:\/\/www.journalducameroun.com\/libye-mohammad-menfi-elu-a-la-tete-du-conseil-presidentiel\/\">Cliquez ici pour lire l&rsquo;article depuis sa source.<\/a><\/p>\n","protected":false},"excerpt":{"rendered":"<p>Publi\u00e9 le 06.02.2021 \u00e0 00h18 par APA News Mohammad Younes Menfi a \u00e9t\u00e9 \u00e9lu vendredi pr\u00e9sident du Conseil pr\u00e9sidentiel, par le Forum du dialogue politique libyen, r\u00e9uni pr\u00e8s de Gen\u00e8ve sous l\u2019\u00e9gide de l\u2019ONU pour d\u00e9signer le pouvoir ex\u00e9cutif unifi\u00e9 qui devra diriger le pays jusqu\u2019\u00e0 la tenue d\u2019\u00e9lections en d\u00e9cembre prochain.Son colistier Abdul Hamid [&hellip;]<\/p>\n","protected":false},"author":1965,"featured_media":0,"comment_status":"closed","ping_status":"closed","sticky":false,"template":"","format":"standard","meta":{"fifu_image_url":"","fifu_image_alt":"","footnotes":""},"categories":[73,82],"tags":[],"class_list":["post-110692","post","type-post","status-publish","format-standard","hentry","category-actualite","category-cameroun"],"_links":{"self":[{"href":"https:\/\/linitiative.ca\/International\/wp-json\/wp\/v2\/posts\/110692","targetHints":{"allow":["GET"]}}],"collection":[{"href":"https:\/\/linitiative.ca\/International\/wp-json\/wp\/v2\/posts"}],"about":[{"href":"https:\/\/linitiative.ca\/International\/wp-json\/wp\/v2\/types\/post"}],"author":[{"embeddable":true,"href":"https:\/\/linitiative.ca\/International\/wp-json\/wp\/v2\/users\/1965"}],"replies":[{"embeddable":true,"href":"https:\/\/linitiative.ca\/International\/wp-json\/wp\/v2\/comments?post=110692"}],"version-history":[{"count":0,"href":"https:\/\/linitiative.ca\/International\/wp-json\/wp\/v2\/posts\/110692\/revisions"}],"wp:attachment":[{"href":"https:\/\/linitiative.ca\/International\/wp-json\/wp\/v2\/media?parent=110692"}],"wp:term":[{"taxonomy":"category","embeddable":true,"href":"https:\/\/linitiative.ca\/International\/wp-json\/wp\/v2\/categories?post=110692"},{"taxonomy":"post_tag","embeddable":true,"href":"https:\/\/linitiative.ca\/International\/wp-json\/wp\/v2\/tags?post=110692"}],"curies":[{"name":"wp","href":"https:\/\/api.w.org\/{rel}","templated":true}]}}