{"id":110693,"date":"2021-02-05T09:09:29","date_gmt":"2021-02-05T14:09:29","guid":{"rendered":"https:\/\/linitiative.ca\/International\/chan-2020-ahmad-ahmad-est-arrive-au-cameroun-pour-presider-la-finale-du-tournoi\/"},"modified":"2021-02-05T09:09:29","modified_gmt":"2021-02-05T14:09:29","slug":"chan-2020-ahmad-ahmad-est-arrive-au-cameroun-pour-presider-la-finale-du-tournoi","status":"publish","type":"post","link":"https:\/\/linitiative.ca\/International\/chan-2020-ahmad-ahmad-est-arrive-au-cameroun-pour-presider-la-finale-du-tournoi\/","title":{"rendered":"CHAN 2020 : Ahmad Ahmad est arriv\u00e9 au Cameroun pour pr\u00e9sider la finale du tournoi"},"content":{"rendered":"<div class=\"featured-area featured-area-inner\">\n<p><img loading=\"lazy\" decoding=\"async\" width=\"780\" height=\"470\" src=\"https:\/\/ecomatin.net\/wp-content\/uploads\/2021\/02\/Ahmad-Ahmad-accueilli-a-laeroport-de-Yaounde-Nsimalen-780x470.jpg\" class=\"attachment-jannah-image-post size-jannah-image-post wp-post-image\" alt=\"\" is_main_img=\"1\"\/><\/p>\n<\/div>\n<div class=\"entry-content entry clearfix\" readability=\"54\">\n<p>Le pr\u00e9sident sortant de la Conf\u00e9d\u00e9ration africaine de football (CAF), Ahmad Ahmad, a atterri au Cameroun ce vendredi 5 f\u00e9vrier 2021 via l\u2019a\u00e9roport international de Yaound\u00e9-Nsimalen. Le malgache a \u00e9t\u00e9 accueilli \u00e0 sa descente d\u2019avion par le premier vice-pr\u00e9sident de la CAF, Constant Omari, qu\u2019accompagnait \u00e9galement le pr\u00e9sident par int\u00e9rim de la f\u00e9d\u00e9ration camerounaise de football (FECAFOOT), Seidou Mbombo Njoya, et son premier vice, Aboubakar Alim Konat\u00e9.<\/p>\n<p>Absent \u00e0 la c\u00e9r\u00e9monie d\u2019ouverture de ce 6e Championnat d\u2019Afrique des Nations (CHAN) de football 2020 le 16 janvier dernier \u00e0 Yaound\u00e9, du fait de sa suspension par la F\u00e9d\u00e9ration internationale de football association (FIFA), Ahmad Ahmad a \u00e9t\u00e9 r\u00e9habilit\u00e9 le 29 janvier 2021 par le Tribunal arbitral du sport (TAS), et a officiellement retrouver son fauteuil de pr\u00e9sident le 1er f\u00e9vrier dernier.<\/p>\n<p>Il va donc pouvoir pr\u00e9sider la c\u00e9r\u00e9monie de cl\u00f4ture de ce CHAN 2020, et assister \u00e0 la finale qui opposera le Maroc au Mali dimanche prochain au Stade omnisports Ahmadou Ahidjo de Yaound\u00e9.<\/p>\n<\/div>\n<p>Auteur: EcoMatin<br \/>\n<a href=\"https:\/\/ecomatin.net\/chan-2020-ahmad-ahmad-est-arrive-au-cameroun-pour-presider-la-finale-du-tournoi\/\">Cliquez ici pour lire l&rsquo;article depuis sa source.<\/a><\/p>\n","protected":false},"excerpt":{"rendered":"<p>Le pr\u00e9sident sortant de la Conf\u00e9d\u00e9ration africaine de football (CAF), Ahmad Ahmad, a atterri au Cameroun ce vendredi 5 f\u00e9vrier 2021 via l\u2019a\u00e9roport international de Yaound\u00e9-Nsimalen. Le malgache a \u00e9t\u00e9 accueilli \u00e0 sa descente d\u2019avion par le premier vice-pr\u00e9sident de la CAF, Constant Omari, qu\u2019accompagnait \u00e9galement le pr\u00e9sident par int\u00e9rim de la f\u00e9d\u00e9ration camerounaise de [&hellip;]<\/p>\n","protected":false},"author":1969,"featured_media":0,"comment_status":"closed","ping_status":"closed","sticky":false,"template":"","format":"standard","meta":{"fifu_image_url":"https:\/\/ecomatin.net\/wp-content\/uploads\/2021\/02\/Ahmad-Ahmad-accueilli-a-laeroport-de-Yaounde-Nsimalen-780x470.jpg","fifu_image_alt":"CHAN 2020 : Ahmad Ahmad est arriv\u00e9 au Cameroun pour pr\u00e9sider la finale du tournoi","footnotes":""},"categories":[82,78],"tags":[],"class_list":["post-110693","post","type-post","status-publish","format-standard","hentry","category-cameroun","category-economie"],"_links":{"self":[{"href":"https:\/\/linitiative.ca\/International\/wp-json\/wp\/v2\/posts\/110693","targetHints":{"allow":["GET"]}}],"collection":[{"href":"https:\/\/linitiative.ca\/International\/wp-json\/wp\/v2\/posts"}],"about":[{"href":"https:\/\/linitiative.ca\/International\/wp-json\/wp\/v2\/types\/post"}],"author":[{"embeddable":true,"href":"https:\/\/linitiative.ca\/International\/wp-json\/wp\/v2\/users\/1969"}],"replies":[{"embeddable":true,"href":"https:\/\/linitiative.ca\/International\/wp-json\/wp\/v2\/comments?post=110693"}],"version-history":[{"count":0,"href":"https:\/\/linitiative.ca\/International\/wp-json\/wp\/v2\/posts\/110693\/revisions"}],"wp:attachment":[{"href":"https:\/\/linitiative.ca\/International\/wp-json\/wp\/v2\/media?parent=110693"}],"wp:term":[{"taxonomy":"category","embeddable":true,"href":"https:\/\/linitiative.ca\/International\/wp-json\/wp\/v2\/categories?post=110693"},{"taxonomy":"post_tag","embeddable":true,"href":"https:\/\/linitiative.ca\/International\/wp-json\/wp\/v2\/tags?post=110693"}],"curies":[{"name":"wp","href":"https:\/\/api.w.org\/{rel}","templated":true}]}}