{"id":110694,"date":"2021-02-05T09:44:29","date_gmt":"2021-02-05T14:44:29","guid":{"rendered":"https:\/\/linitiative.ca\/International\/chan-2020-exclu-par-le-cameroun-pour-indiscipline-yannick-ndjeng-a-fait-son-mea-culpa\/"},"modified":"2021-02-05T09:44:29","modified_gmt":"2021-02-05T14:44:29","slug":"chan-2020-exclu-par-le-cameroun-pour-indiscipline-yannick-ndjeng-a-fait-son-mea-culpa","status":"publish","type":"post","link":"https:\/\/linitiative.ca\/International\/chan-2020-exclu-par-le-cameroun-pour-indiscipline-yannick-ndjeng-a-fait-son-mea-culpa\/","title":{"rendered":"CHAN 2020 : exclu par le Cameroun pour indiscipline, Yannick Ndjeng a fait son mea culpa"},"content":{"rendered":"<p>Au lendemain de son exclusion de la s\u00e9lection du Cameroun en plein Championnat d\u2019Afrique des Nations (CHAN) pour \u00ab\u00a0indiscipline caract\u00e9ris\u00e9<em>e<\/em>\u00a0\u00bb, Yannick Ndjeng a aussit\u00f4t pris la mesure de son acte, et s\u2019est d\u00e9j\u00e0 fendu en excuses aupr\u00e8s de ses co\u00e9quipiers et de ses entraineurs.<\/p>\n<p>Il a adress\u00e9 un message dans la plateforme d\u2019\u00e9changes cr\u00e9\u00e9e sur le r\u00e9seau social WhatsApp, uniquement pour joueurs et encadreurs \u00e0 l\u2019occasion de ce CHAN 2020, dans lequel il fait amende honorable, et revient sur les circonstances qui l\u2019ont pouss\u00e9 \u00e0 mal se conduire envers l\u2019un des s\u00e9lectionneurs adjoints, David Pagou.<\/p>\n<p>\u00abQuand le coach m\u2019a fait sortir, j\u2019avais le sentiment de pas avoir fait ce que je voulais faire. Donc, entre l\u2019\u00e9nervement et tout, je n\u2019ai pas maitris\u00e9 mes nerfs. J\u2019ai pens\u00e9 en ce moment que c\u2019\u00e9tait mieux d\u2019avoir plus d\u2019attaquants sur le terrain. Apr\u00e8s tout, \u00e7a reste ma pens\u00e9e, je l\u2019ai exprim\u00e9e de la mauvaise des fa\u00e7ons, donc je m\u2019en excuse\u00bb,\u00a0a-t-il indiqu\u00e9 dans un \u00ab\u00a0voice note\u00a0\u00bb.<\/p>\n<p>Et de rench\u00e9rir\u00a0: \u00ab\u00a0ceux qui ont \u00e9t\u00e9 bless\u00e9s par mon propos, je leur pr\u00e9sente mes excuses. Il faut parfois juger le fond mais pas la forme. La forme, elle \u00e9tait mauvaise mais le fond n\u2019est pas mauvais, je ne suis pas quelqu\u2019un de mauvais donc, je suis d\u00e9sol\u00e9\u00bb.<\/p>\n<p>Il a \u00e9t\u00e9 \u00e9cart\u00e9 de la s\u00e9lection, et malgr\u00e9 ce mea culpa, il n\u2019a pas \u00e9t\u00e9 rappel\u00e9. Il devra donc manquer le match de classement qui oppose ce samedi 6 f\u00e9vrier 2021 le Cameroun \u00e0 la Guin\u00e9e au stade de la R\u00e9unification de B\u00e9panda \u00e0 Douala.<\/p>\n<p>Auteur: EcoMatin<br \/>\n<a href=\"https:\/\/ecomatin.net\/chan-2020-exclu-par-le-cameroun-pour-indiscipline-yannick-ndjeng-a-fait-son-mea-culpa\/\">Cliquez ici pour lire l&rsquo;article depuis sa source.<\/a><\/p>\n","protected":false},"excerpt":{"rendered":"<p>Au lendemain de son exclusion de la s\u00e9lection du Cameroun en plein Championnat d\u2019Afrique des Nations (CHAN) pour \u00ab\u00a0indiscipline caract\u00e9ris\u00e9e\u00a0\u00bb, Yannick Ndjeng a aussit\u00f4t pris la mesure de son acte, et s\u2019est d\u00e9j\u00e0 fendu en excuses aupr\u00e8s de ses co\u00e9quipiers et de ses entraineurs. Il a adress\u00e9 un message dans la plateforme d\u2019\u00e9changes cr\u00e9\u00e9e sur [&hellip;]<\/p>\n","protected":false},"author":1969,"featured_media":0,"comment_status":"closed","ping_status":"closed","sticky":false,"template":"","format":"standard","meta":{"fifu_image_url":"","fifu_image_alt":"","footnotes":""},"categories":[82,78],"tags":[],"class_list":["post-110694","post","type-post","status-publish","format-standard","hentry","category-cameroun","category-economie"],"_links":{"self":[{"href":"https:\/\/linitiative.ca\/International\/wp-json\/wp\/v2\/posts\/110694","targetHints":{"allow":["GET"]}}],"collection":[{"href":"https:\/\/linitiative.ca\/International\/wp-json\/wp\/v2\/posts"}],"about":[{"href":"https:\/\/linitiative.ca\/International\/wp-json\/wp\/v2\/types\/post"}],"author":[{"embeddable":true,"href":"https:\/\/linitiative.ca\/International\/wp-json\/wp\/v2\/users\/1969"}],"replies":[{"embeddable":true,"href":"https:\/\/linitiative.ca\/International\/wp-json\/wp\/v2\/comments?post=110694"}],"version-history":[{"count":0,"href":"https:\/\/linitiative.ca\/International\/wp-json\/wp\/v2\/posts\/110694\/revisions"}],"wp:attachment":[{"href":"https:\/\/linitiative.ca\/International\/wp-json\/wp\/v2\/media?parent=110694"}],"wp:term":[{"taxonomy":"category","embeddable":true,"href":"https:\/\/linitiative.ca\/International\/wp-json\/wp\/v2\/categories?post=110694"},{"taxonomy":"post_tag","embeddable":true,"href":"https:\/\/linitiative.ca\/International\/wp-json\/wp\/v2\/tags?post=110694"}],"curies":[{"name":"wp","href":"https:\/\/api.w.org\/{rel}","templated":true}]}}