{"id":110696,"date":"2021-02-05T11:48:00","date_gmt":"2021-02-05T16:48:00","guid":{"rendered":"https:\/\/linitiative.ca\/International\/les-festivites-du-11-fevrier-2021-annulees-pour-cause-de-covid-19\/"},"modified":"2021-02-05T11:48:00","modified_gmt":"2021-02-05T16:48:00","slug":"les-festivites-du-11-fevrier-2021-annulees-pour-cause-de-covid-19","status":"publish","type":"post","link":"https:\/\/linitiative.ca\/International\/les-festivites-du-11-fevrier-2021-annulees-pour-cause-de-covid-19\/","title":{"rendered":"Les festivit\u00e9s du 11 f\u00e9vrier 2021 annul\u00e9es pour cause de Covid-19"},"content":{"rendered":"<p>Plac\u00e9 sous le th\u00e8me \u00abJeunesse, r\u00e9silience, d\u00e9fis et opportunit\u00e9s en temps de Covid-19\u00a0\u00bb,\u00a0<strong>l<\/strong>es activit\u00e9s li\u00e9es \u00e0 la c\u00e9l\u00e9bration de la 55<sup>\u00e8me<\/sup>\u00a0\u00e9dition de la f\u00eate de la jeunesse, ont \u00e9t\u00e9 annul\u00e9s. Et pour cause, la pand\u00e9mie de Covid-19 qui s\u00e9vit actuellement dans le pays et dont on observe une remont\u00e9e du nombre de contamination. Le communiqu\u00e9 relatif \u00e0 cet effet et sign\u00e9 du\u00a0ministre de la Jeunesse et de l\u2019Education civique (Minjec) Mounouna Fotso, a \u00e9t\u00e9 rendu public ce 5 f\u00e9vrier 2021. \u00ab\u00a0Toutefois, au regard de la propension \u00e0 l\u2019inobservance des mesures barri\u00e8res lors de certaines manifestations d\u2019envergure et des risques subs\u00e9quents de r\u00e9surgence et de propagation de la Covid-19, le ministre de la Jeunesse et de l\u2019Education civique, pr\u00e9sident du Comit\u00e9 national d\u2019organisation de la f\u00eate\u00a0 de la jeunesse, sur les tr\u00e8s hautes instructions, porte \u00e0 l\u2019attention de l\u2019opinion publique que la suite des manifestations de la f\u00eate sera essentiellement centr\u00e9e sur les activit\u00e9s en mode virtuel d\u2019une part, et celles en pr\u00e9sentiel n\u2019entrainant pas une forte mobilisation d\u2019autre part\u00a0\u00bb, peut-on lire.<\/p>\n<p><strong>Lire aussi<\/strong> : <a href=\"https:\/\/ecomatin.net\/500-000-emplois-des-chiffres-interrogateurs-alors-que-le-sous-emploi-gagne-du-terrain\/\">500 000 emplois: des chiffres interrogateurs alors que le sous-emploi gagne du terrain<\/a><\/p>\n<p>Le grand d\u00e9fil\u00e9 organis\u00e9 le 11 f\u00e9vrier, sur toute l\u2019\u00e9tendue du territoire est de ce fait annul\u00e9. \u00ab\u00a0A cet effet, la parade du d\u00e9fil\u00e9 du 11 f\u00e9vrier 2021 n\u2019aura plus lieu sur l\u2019ensemble du territoire national, dans le souci d\u2019\u00e9viter la propagation du coronavirus et de pr\u00e9server la sant\u00e9 des populations, notamment les jeunes\u00a0\u00bb, ajoute le communiqu\u00e9. \u00ab\u00a0Par ailleurs, seules les activit\u00e9s du Village Jeunesse \u00e0 mobilisation r\u00e9duite continueront \u00e0 se d\u00e9rouler en partie en pr\u00e9sentiel, dans le strict respect des mesures barri\u00e8res. Toutes les autres activit\u00e9s de la Onzaine de la jeunessee se tiendront essentiellement en mode virtuel tel que pr\u00e9vu dans le programme National harmonis\u00e9\u00a0\u00bb, poursuit le document.<\/p>\n<p>Notons que cette annulation intervient quelques jours apr\u00e8s le lancement officiel des activit\u00e9s li\u00e9es \u00e0 cet effet par le Minjec, dans la r\u00e9gion de l\u2019Extr\u00eame-Nord du 30 janvier au 2 f\u00e9vrier dernier.<\/p>\n<p><strong>Lire aussi<\/strong> : <a href=\"https:\/\/ecomatin.net\/sabc-met-une-nouvelle-boisson-sur-le-marche\/\">Sabc met une nouvelle boisson sur le march\u00e9<\/a><\/p>\n<p>Auteur: Cindy MBALA<br \/>\n<a href=\"https:\/\/ecomatin.net\/les-festivites-du-11-fevrier-2021-annulees-pour-cause-de-covid-19\/\">Cliquez ici pour lire l&rsquo;article depuis sa source.<\/a><\/p>\n","protected":false},"excerpt":{"rendered":"<p>Plac\u00e9 sous le th\u00e8me \u00abJeunesse, r\u00e9silience, d\u00e9fis et opportunit\u00e9s en temps de Covid-19\u00a0\u00bb,\u00a0les activit\u00e9s li\u00e9es \u00e0 la c\u00e9l\u00e9bration de la 55\u00e8me\u00a0\u00e9dition de la f\u00eate de la jeunesse, ont \u00e9t\u00e9 annul\u00e9s. Et pour cause, la pand\u00e9mie de Covid-19 qui s\u00e9vit actuellement dans le pays et dont on observe une remont\u00e9e du nombre de contamination. Le communiqu\u00e9 [&hellip;]<\/p>\n","protected":false},"author":1969,"featured_media":0,"comment_status":"closed","ping_status":"closed","sticky":false,"template":"","format":"standard","meta":{"fifu_image_url":"","fifu_image_alt":"","footnotes":""},"categories":[82,78],"tags":[],"class_list":["post-110696","post","type-post","status-publish","format-standard","hentry","category-cameroun","category-economie"],"_links":{"self":[{"href":"https:\/\/linitiative.ca\/International\/wp-json\/wp\/v2\/posts\/110696","targetHints":{"allow":["GET"]}}],"collection":[{"href":"https:\/\/linitiative.ca\/International\/wp-json\/wp\/v2\/posts"}],"about":[{"href":"https:\/\/linitiative.ca\/International\/wp-json\/wp\/v2\/types\/post"}],"author":[{"embeddable":true,"href":"https:\/\/linitiative.ca\/International\/wp-json\/wp\/v2\/users\/1969"}],"replies":[{"embeddable":true,"href":"https:\/\/linitiative.ca\/International\/wp-json\/wp\/v2\/comments?post=110696"}],"version-history":[{"count":0,"href":"https:\/\/linitiative.ca\/International\/wp-json\/wp\/v2\/posts\/110696\/revisions"}],"wp:attachment":[{"href":"https:\/\/linitiative.ca\/International\/wp-json\/wp\/v2\/media?parent=110696"}],"wp:term":[{"taxonomy":"category","embeddable":true,"href":"https:\/\/linitiative.ca\/International\/wp-json\/wp\/v2\/categories?post=110696"},{"taxonomy":"post_tag","embeddable":true,"href":"https:\/\/linitiative.ca\/International\/wp-json\/wp\/v2\/tags?post=110696"}],"curies":[{"name":"wp","href":"https:\/\/api.w.org\/{rel}","templated":true}]}}