{"id":110697,"date":"2021-02-05T13:43:55","date_gmt":"2021-02-05T18:43:55","guid":{"rendered":"https:\/\/linitiative.ca\/International\/financement-pourquoi-la-recapitalisation-de-la-bad-bloque\/"},"modified":"2021-02-05T13:43:55","modified_gmt":"2021-02-05T18:43:55","slug":"financement-pourquoi-la-recapitalisation-de-la-bad-bloque","status":"publish","type":"post","link":"https:\/\/linitiative.ca\/International\/financement-pourquoi-la-recapitalisation-de-la-bad-bloque\/","title":{"rendered":"Financement : pourquoi la recapitalisation de la BAD bloque"},"content":{"rendered":"<p>Apr\u00e8s le tumultueux feuilleton de son \u00e9lection \u00e0 la t\u00eate de la Banque africaine de d\u00e9veloppement (BAD), le Nig\u00e9rian Akinwumi Adesina, Pr\u00e9sident de cette institution financi\u00e8re internationale, fait face \u00e0 un \u00e9pineux dossier. Celui de la recapitalisation de la banque. Souscrit depuis octobre 2019 pour une enveloppe de 115 milliards de dollars (62 330 milliards de FCFA), le processus stagne. 81 pays s\u2019\u00e9taient en effet engag\u00e9s \u00e0 participer \u00e0 l\u2019augmentation du capital de la banque panafricaine depuis mars 2020, date-butoir d\u2019effectivit\u00e9 des souscriptions. Malheureusement, les mauvaises nouvelles s\u2019amoncellent pour l\u2019institution. 65 pays n\u2019ont pas honor\u00e9 au paiement de 7% de quote-part. Seulement 16 pays ont lib\u00e9r\u00e9 leurs actifs. 10 en Afrique : Le Nigeria, le S\u00e9n\u00e9gal, le Maroc, le B\u00e9nin, l\u2019Erythr\u00e9e, le Burkina Faso, le Kenya, le Lesotho, le Rwanda et la Libye. 6 hors-Afrique: l\u2019Allemagne, l\u2019Inde, l\u2019Italie, la Norv\u00e8ge, l\u2019Arabie saoudite et l\u2019Espagne.<\/p>\n<p><strong>Lire aussi<\/strong> : <a href=\"https:\/\/ecomatin.net\/serge-nguessan-et-solomane-kone-dirigeront-la-region-afrique-centrale\/\">BAD : Serge N\u2019Guessan et Solomane Kone dirigeront la r\u00e9gion Afrique Centrale<\/a><\/p>\n<p>Parmi les pays contributeurs hors-Afrique, la France, les Etats-Unis, la Grande Bretagne et le Canada manquent \u00e0 l\u2019appel des engagements. Ces quatre puissances financi\u00e8res rechignent pour des raisons inconnues \u00e0 lib\u00e9rer leur 7% de contribution. Pourtant, de leur apport d\u00e9pend la notation de la BAD en qu\u00eate de la confirmation d\u2019un triple A r\u00e9cemment obtenu sur la garantie d\u2019engagement financi\u00e8re de ses actionnaires. Ce, apr\u00e8s avoir enregistr\u00e9 en juillet 2020, un glissement n\u00e9gatif de notation de l\u2019agence britannique Fitch. Passant de \u00abAA \u00bb \u00e0 \u00abAA-\u00bb. La BAD fait par ailleurs les frais de la d\u00e9gradation de la note du Canada, ainsi que des mauvais chiffres sur la perspective de la note des \u00c9tats-Unis dont la contribution au profit de la BAD est de 9 milliards d\u2019Unit\u00e9s de comptes (UC), soit 11,6 milliards de dollars. Autre facteur de blocage du processus d\u2019augmentation du capital de la BAD, les exigences de l\u2019Allemagne qui sollicite la revue \u00e0 la hausse de son pouvoir de vote. Mettant en danger l\u2019\u00e9quilibre de r\u00e9partition du capital (60% aux africains et 40% aux membres non-Africains).<\/p>\n<p><strong>Lire aussi<\/strong> : <a href=\"https:\/\/ecomatin.net\/akinwumi-adesina-reelu-president-de-la-bad\/\">Akinwumi Adesina r\u00e9elu pr\u00e9sident de la BAD<\/a><\/p>\n<p>Ainsi, pour conserver sa note et financer ses multiples engagements, la BAD s\u2019est tourn\u00e9e vers les autres pays du groupe des pays membres non-Africains not\u00e9s triple A pour la garantie de son \u00abcapital appelable temporaire (CAT). Il s\u2019agit de l\u2019Allemagne, le Danemark, la Su\u00e8de, et le Luxembourg. Dans un tel contexte, la BAD est dans l\u2019obligation de reconsid\u00e9rer ses ambitions financi\u00e8res: 25% pour observer le ratio Fitch des engagements sur fonds propres \u00e9largis au capital appelable, et 3,2 milliards UC sur la p\u00e9riode 2020-2030 pour satisfaire au ratio Fitch, conditions n\u00e9cessaires \u00e0 la conservation de la note triple A, rapporte nos confr\u00e8res de Financial Afrique. La BAD ne disposant plus techniquement de fonds propres suffisants pour couvrir ses multiples engagements. D\u2019o\u00f9 le recours au \u00abcapital appelable\u00bb.<\/p>\n<p><strong>Lire aussi<\/strong> : <a href=\"https:\/\/ecomatin.net\/presidence-de-la-bad-vers-une-reelection-dakinwumi-adesina\/\">Pr\u00e9sidence de la Bad: vers une r\u00e9\u00e9lection d\u2019Akinwumi Adesina<\/a><\/p>\n<p>La BAD courrait ainsi le risque de perdre son statut de leader dans le financement du d\u00e9veloppement en Afrique. Ainsi que de compromettre ses plans de financements. Aux derni\u00e8res nouvelles venues des milieux financiers, la BAD a finalement obtenu de l\u2019agence de notation S&amp;P Global, la confirmation de sa note de cr\u00e9dit \u00abAAA\/A-1\u00bb pour ses \u00e9missions en devises. Le rapport de notation de ce 29 janvier 2021 indique que \u00abla BAD continuera de g\u00e9rer de mani\u00e8re prudente son capital tout en maintenant un niveau de liquidit\u00e9 robuste compos\u00e9 d\u2019actifs de haute qualit\u00e9, et un profil de financement solide\u00bb. Assorti d\u2019une perspective stable, la note confirme \u00e9galement \u00e0 la banque panafricaine un soutien extraordinaire de ses actionnaires. S&amp;P Global prend \u00e9galement en compte une \u00e9ventuelle augmentation du capital de la BAD de 115 milliards de dollars. \u00abLa notation AAA de S&amp;P confirme la gestion financi\u00e8re prudente des finances et des risques de la BAD, ainsi que la solidit\u00e9 de nos syst\u00e8mes de gouvernance\u2026. \u00bb, a indiqu\u00e9 Akinwumi Adesina.<\/p>\n<p><strong>Lire aussi<\/strong> : <a href=\"https:\/\/ecomatin.net\/coronavirus-la-bad-prevoit-une-croissance-negative-de-61-au-cameroun-en-2020\/\">Coronavirus : la BAD pr\u00e9voit une croissance n\u00e9gative de -6,1% au Cameroun en 2020<\/a><\/p>\n<p>Sur le retard de paiement de souscriptions, les milieux financiers y voient une cons\u00e9quence des griefs relev\u00e9s contre le pr\u00e9sident de la BAD, en avril 2020, par des lanceurs d\u2019alerte: comportement contraire \u00e0 l\u2019\u00e9thique, enrichissement personnel, favoritisme etc\u2026..Avant d\u2019\u00eatre lav\u00e9 de tous soup\u00e7ons par la commission Takuji Yano.<\/p>\n<p>Auteur: Georges Semey<br \/>\n<a href=\"https:\/\/ecomatin.net\/financement-pourquoi-la-recapitalisation-de-la-bad-bloque\/\">Cliquez ici pour lire l&rsquo;article depuis sa source.<\/a><\/p>\n","protected":false},"excerpt":{"rendered":"<p>Apr\u00e8s le tumultueux feuilleton de son \u00e9lection \u00e0 la t\u00eate de la Banque africaine de d\u00e9veloppement (BAD), le Nig\u00e9rian Akinwumi Adesina, Pr\u00e9sident de cette institution financi\u00e8re internationale, fait face \u00e0 un \u00e9pineux dossier. Celui de la recapitalisation de la banque. Souscrit depuis octobre 2019 pour une enveloppe de 115 milliards de dollars (62 330 milliards [&hellip;]<\/p>\n","protected":false},"author":1969,"featured_media":0,"comment_status":"closed","ping_status":"closed","sticky":false,"template":"","format":"standard","meta":{"fifu_image_url":"","fifu_image_alt":"","footnotes":""},"categories":[82,78],"tags":[],"class_list":["post-110697","post","type-post","status-publish","format-standard","hentry","category-cameroun","category-economie"],"_links":{"self":[{"href":"https:\/\/linitiative.ca\/International\/wp-json\/wp\/v2\/posts\/110697","targetHints":{"allow":["GET"]}}],"collection":[{"href":"https:\/\/linitiative.ca\/International\/wp-json\/wp\/v2\/posts"}],"about":[{"href":"https:\/\/linitiative.ca\/International\/wp-json\/wp\/v2\/types\/post"}],"author":[{"embeddable":true,"href":"https:\/\/linitiative.ca\/International\/wp-json\/wp\/v2\/users\/1969"}],"replies":[{"embeddable":true,"href":"https:\/\/linitiative.ca\/International\/wp-json\/wp\/v2\/comments?post=110697"}],"version-history":[{"count":0,"href":"https:\/\/linitiative.ca\/International\/wp-json\/wp\/v2\/posts\/110697\/revisions"}],"wp:attachment":[{"href":"https:\/\/linitiative.ca\/International\/wp-json\/wp\/v2\/media?parent=110697"}],"wp:term":[{"taxonomy":"category","embeddable":true,"href":"https:\/\/linitiative.ca\/International\/wp-json\/wp\/v2\/categories?post=110697"},{"taxonomy":"post_tag","embeddable":true,"href":"https:\/\/linitiative.ca\/International\/wp-json\/wp\/v2\/tags?post=110697"}],"curies":[{"name":"wp","href":"https:\/\/api.w.org\/{rel}","templated":true}]}}