{"id":110698,"date":"2021-02-06T07:36:37","date_gmt":"2021-02-06T12:36:37","guid":{"rendered":"https:\/\/linitiative.ca\/International\/fnideq-ouverture-dune-enquete-suite-a-un-sit-in-non-autorise\/"},"modified":"2021-02-06T07:36:37","modified_gmt":"2021-02-06T12:36:37","slug":"fnideq-ouverture-dune-enquete-suite-a-un-sit-in-non-autorise","status":"publish","type":"post","link":"https:\/\/linitiative.ca\/International\/fnideq-ouverture-dune-enquete-suite-a-un-sit-in-non-autorise\/","title":{"rendered":"Fnideq : ouverture d\u2019une enqu\u00eate suite \u00e0 un sit-in non autoris\u00e9"},"content":{"rendered":"<header>\n<\/header>\n<div class=\"entry-content clearfix\" readability=\"49\"><img decoding=\"async\" class=\"post_layout_5_img\" src=\"http:\/\/aujourdhui.ma\/wp-content\/uploads\/2020\/07\/Police-Coronavirus-etat-durgence-sanitaire.jpg\" alt=\"Fnideq : ouverture d&#x2019;une enqu&#xEA;te suite &#xE0; un sit-in non autoris&#xE9;\"\/><\/p>\n<p><span class=\"c5\"><strong>Les autorit\u00e9s ouvrent une enqu\u00eate concernant le sit-in non autoris\u00e9 \u00e0 Fnideq sous la supervision du parquet.<\/strong><\/span><span id=\"more-367586\"\/><\/p>\n<p>Selon les autorit\u00e9s locales, un groupe d\u2019individus a organis\u00e9 vendredi un sit-in non autoris\u00e9 au niveau du boulevard Mohammed V, en violation des dispositions de l\u2019\u00e9tat d\u2019urgence sanitaire. Dans un communiqu\u00e9,\u00a0 la pr\u00e9fecture de M\u2019diq-Fnideq pr\u00e9cise que les manifestants ont bloqu\u00e9 la voie publique, ce qui a contraint les autorit\u00e9s publiques \u00e0 intervenir pour disperser la foule dans le strict respect des r\u00e9glementations et des dispositions juridiques. La m\u00eame source a fait savoir que lors de cette intervention, certains manifestants ont jet\u00e9 des pierres sur les \u00e9l\u00e9ments des forces publiques, blessant six d\u2019entre eux qui ont d\u00fb \u00eatre \u00e9vacu\u00e9s \u00e0 l\u2019h\u00f4pital pour recevoir les soins n\u00e9cessaires, poursuit la m\u00eame source.<\/p>\n<p>Dix personnes on \u00e9galement \u00e9t\u00e9 transf\u00e9r\u00e9es \u00e0 l\u2019h\u00f4pital suite \u00e0 des cas d\u2019\u00e9vanouissement en raison d\u2019une bousculade parmi les manifestants, ajoute le communiqu\u00e9.<\/p>\n<\/div>\n<p>Auteur: ALM<br \/>\n<a href=\"https:\/\/aujourdhui.ma\/societe\/fnideq-ouverture-dune-enquete-suite-a-un-sit-in-non-autorise\">Cliquez ici pour lire l&rsquo;article depuis sa source.<\/a><\/p>\n","protected":false},"excerpt":{"rendered":"<p>Les autorit\u00e9s ouvrent une enqu\u00eate concernant le sit-in non autoris\u00e9 \u00e0 Fnideq sous la supervision du parquet. Selon les autorit\u00e9s locales, un groupe d\u2019individus a organis\u00e9 vendredi un sit-in non autoris\u00e9 au niveau du boulevard Mohammed V, en violation des dispositions de l\u2019\u00e9tat d\u2019urgence sanitaire. Dans un communiqu\u00e9,\u00a0 la pr\u00e9fecture de M\u2019diq-Fnideq pr\u00e9cise que les [&hellip;]<\/p>\n","protected":false},"author":1759,"featured_media":0,"comment_status":"closed","ping_status":"closed","sticky":false,"template":"","format":"standard","meta":{"fifu_image_url":"http:\/\/aujourdhui.ma\/wp-content\/uploads\/2020\/07\/Police-Coronavirus-etat-durgence-sanitaire.jpg","fifu_image_alt":"Fnideq : ouverture d\u2019une enqu\u00eate suite \u00e0 un sit-in non autoris\u00e9","footnotes":""},"categories":[73,54],"tags":[],"class_list":["post-110698","post","type-post","status-publish","format-standard","hentry","category-actualite","category-maroc"],"_links":{"self":[{"href":"https:\/\/linitiative.ca\/International\/wp-json\/wp\/v2\/posts\/110698","targetHints":{"allow":["GET"]}}],"collection":[{"href":"https:\/\/linitiative.ca\/International\/wp-json\/wp\/v2\/posts"}],"about":[{"href":"https:\/\/linitiative.ca\/International\/wp-json\/wp\/v2\/types\/post"}],"author":[{"embeddable":true,"href":"https:\/\/linitiative.ca\/International\/wp-json\/wp\/v2\/users\/1759"}],"replies":[{"embeddable":true,"href":"https:\/\/linitiative.ca\/International\/wp-json\/wp\/v2\/comments?post=110698"}],"version-history":[{"count":0,"href":"https:\/\/linitiative.ca\/International\/wp-json\/wp\/v2\/posts\/110698\/revisions"}],"wp:attachment":[{"href":"https:\/\/linitiative.ca\/International\/wp-json\/wp\/v2\/media?parent=110698"}],"wp:term":[{"taxonomy":"category","embeddable":true,"href":"https:\/\/linitiative.ca\/International\/wp-json\/wp\/v2\/categories?post=110698"},{"taxonomy":"post_tag","embeddable":true,"href":"https:\/\/linitiative.ca\/International\/wp-json\/wp\/v2\/tags?post=110698"}],"curies":[{"name":"wp","href":"https:\/\/api.w.org\/{rel}","templated":true}]}}