{"id":110699,"date":"2021-02-06T07:40:37","date_gmt":"2021-02-06T12:40:37","guid":{"rendered":"https:\/\/linitiative.ca\/International\/deces-de-lancien-selectionneur-national-abdelkhalek-louzani\/"},"modified":"2021-02-06T07:40:37","modified_gmt":"2021-02-06T12:40:37","slug":"deces-de-lancien-selectionneur-national-abdelkhalek-louzani","status":"publish","type":"post","link":"https:\/\/linitiative.ca\/International\/deces-de-lancien-selectionneur-national-abdelkhalek-louzani\/","title":{"rendered":"D\u00e9c\u00e8s de l\u2019ancien s\u00e9lectionneur national Abdelkhalek Louzani"},"content":{"rendered":"<header>\n<\/header>\n<div class=\"entry-content clearfix\" readability=\"51\"><img decoding=\"async\" class=\"post_layout_5_img\" src=\"http:\/\/aujourdhui.ma\/wp-content\/uploads\/2021\/02\/Abdelkhalek-Louzani.jpg\" alt=\"D&#xE9;c&#xE8;s de l&#x2019;ancien s&#xE9;lectionneur national Abdelkhalek Louzani\"\/><\/p>\n<p><span class=\"c5\"><strong>L\u2019ancien s\u00e9lectionneur national Abdelkhalek Louzani est d\u00e9c\u00e9d\u00e9, samedi \u00e0 Essaouira, \u00e0 l\u2019\u00e2ge de 75 ans, des suites d\u2019une maladie, a-t-on appris aupr\u00e8s de sa famille.<\/strong><\/span><span id=\"more-367588\"\/><\/p>\n<p>Le d\u00e9funt a beaucoup apport\u00e9 au football national en tant que joueur et notamment en tant qu\u2019entra\u00eeneur. Il a dirig\u00e9 l\u2019\u00e9quipe nationale en 1993, ainsi que plusieurs clubs marocains, \u00e0 l\u2019instar du Moghreb de T\u00e9touan, le Kawkab Marrakech, l\u2019Olympic de Khouriga, le Chabab d\u2019Al Massira, le CODM de Mekn\u00e8s et le KAC de K\u00e9nitra.\u00a0 Le d\u00e9funt a \u00e9galement remport\u00e9 plusieurs sacres, dont le doubl\u00e9 Coupe-Championnat avec le Kawkab de Marrakech en 1992 et une Coupe arabe avec l\u2019Olympic Safi en 1996 en Jordanie.\u00a0 N\u00e9 le 13 juillet 1945, feu Louzani avait entam\u00e9 une exp\u00e9rience professionnelle \u00e0 l\u2019\u00e9tranger en championnat de Belgique avec le club d\u2019Anderlecht, avant de rejoindre la formation et l\u2019entra\u00eenement par la suite en tant qu\u2019entra\u00eeneur adjoint au club belge de Charleroi.<\/p>\n<\/div>\n<p>Auteur: ALM<br \/>\n<a href=\"https:\/\/aujourdhui.ma\/societe\/deces-de-lancien-selectionneur-national-abdelkhalek-louzani\">Cliquez ici pour lire l&rsquo;article depuis sa source.<\/a><\/p>\n","protected":false},"excerpt":{"rendered":"<p>L\u2019ancien s\u00e9lectionneur national Abdelkhalek Louzani est d\u00e9c\u00e9d\u00e9, samedi \u00e0 Essaouira, \u00e0 l\u2019\u00e2ge de 75 ans, des suites d\u2019une maladie, a-t-on appris aupr\u00e8s de sa famille. Le d\u00e9funt a beaucoup apport\u00e9 au football national en tant que joueur et notamment en tant qu\u2019entra\u00eeneur. Il a dirig\u00e9 l\u2019\u00e9quipe nationale en 1993, ainsi que plusieurs clubs marocains, \u00e0 [&hellip;]<\/p>\n","protected":false},"author":1759,"featured_media":0,"comment_status":"closed","ping_status":"closed","sticky":false,"template":"","format":"standard","meta":{"fifu_image_url":"http:\/\/aujourdhui.ma\/wp-content\/uploads\/2021\/02\/Abdelkhalek-Louzani.jpg","fifu_image_alt":"D\u00e9c\u00e8s de l\u2019ancien s\u00e9lectionneur national Abdelkhalek Louzani","footnotes":""},"categories":[73,54],"tags":[],"class_list":["post-110699","post","type-post","status-publish","format-standard","hentry","category-actualite","category-maroc"],"_links":{"self":[{"href":"https:\/\/linitiative.ca\/International\/wp-json\/wp\/v2\/posts\/110699","targetHints":{"allow":["GET"]}}],"collection":[{"href":"https:\/\/linitiative.ca\/International\/wp-json\/wp\/v2\/posts"}],"about":[{"href":"https:\/\/linitiative.ca\/International\/wp-json\/wp\/v2\/types\/post"}],"author":[{"embeddable":true,"href":"https:\/\/linitiative.ca\/International\/wp-json\/wp\/v2\/users\/1759"}],"replies":[{"embeddable":true,"href":"https:\/\/linitiative.ca\/International\/wp-json\/wp\/v2\/comments?post=110699"}],"version-history":[{"count":0,"href":"https:\/\/linitiative.ca\/International\/wp-json\/wp\/v2\/posts\/110699\/revisions"}],"wp:attachment":[{"href":"https:\/\/linitiative.ca\/International\/wp-json\/wp\/v2\/media?parent=110699"}],"wp:term":[{"taxonomy":"category","embeddable":true,"href":"https:\/\/linitiative.ca\/International\/wp-json\/wp\/v2\/categories?post=110699"},{"taxonomy":"post_tag","embeddable":true,"href":"https:\/\/linitiative.ca\/International\/wp-json\/wp\/v2\/tags?post=110699"}],"curies":[{"name":"wp","href":"https:\/\/api.w.org\/{rel}","templated":true}]}}