{"id":110700,"date":"2021-02-06T08:50:37","date_gmt":"2021-02-06T13:50:37","guid":{"rendered":"https:\/\/linitiative.ca\/International\/avec-la-participation-du-maroc-lua-ouvre-sa-34eme-session-ordinaire\/"},"modified":"2021-02-06T08:50:37","modified_gmt":"2021-02-06T13:50:37","slug":"avec-la-participation-du-maroc-lua-ouvre-sa-34eme-session-ordinaire","status":"publish","type":"post","link":"https:\/\/linitiative.ca\/International\/avec-la-participation-du-maroc-lua-ouvre-sa-34eme-session-ordinaire\/","title":{"rendered":"Avec la participation du Maroc, l\u2019UA ouvre sa\u00a034\u00e8me session ordinaire"},"content":{"rendered":"<header>\n<\/header>\n<div class=\"entry-content clearfix\" readability=\"63\"><img decoding=\"async\" class=\"post_layout_5_img\" src=\"http:\/\/aujourdhui.ma\/wp-content\/uploads\/2020\/12\/Union-africaine-UA.jpg\" alt=\"Avec la participation du Maroc, l&#x2019;UA ouvre sa&#xA0;34&#xE8;me session ordinaire\"\/><\/p>\n<p><span class=\"c5\"><strong>L\u2019Afrique en conclave. En effet, les Chefs d\u2019Etat et de gouvernement des 54 pays membres de l\u2019Union africaine ont entam\u00e9 samedi par visioconf\u00e9rence les travaux de la 34\u00e8me session ordinaire du Sommet de l\u2019UA avec la participation du Maroc.<\/strong><\/span><span id=\"more-367591\"\/><\/p>\n<p>Plac\u00e9 sous la th\u00e9matique: \u00abArts, Culture et Patrimoine: des leviers pour construire l\u2019Afrique que nous voulons\u00bb, la 34\u00e8me session ordinaire du Sommet de l\u2019UA devra suivre un rapport sur les progr\u00e8s r\u00e9alis\u00e9s en ce qui concerne la r\u00e9ponse de l\u2019Union africaine \u00e0 la pand\u00e9mie du coronavirus en Afrique.<\/p>\n<p>Les Chefs d\u2019Etat et de gouvernement des 54 pays membres de l\u2019Union se pencheront \u00e9galement sur la mise en \u0153uvre de la r\u00e9forme institutionnelle de l\u2019Union avec un focus sur le rapport int\u00e9rimaire qui sera pr\u00e9sent\u00e9 dans ce sens par le pr\u00e9sident rwandais, M. Paul Kagame, en sa qualit\u00e9 de Leader sur la r\u00e9forme institutionnelle.<\/p>\n<p>L\u2019autre point marquant de ce Sommet ordinaire c\u2019est l\u2019\u00e9lection du nouveau leadership de la Commission de l\u2019Union africaine.<\/p>\n<p>Outre l\u2019\u00e9lection du pr\u00e9sident et du vice-pr\u00e9sident de la Commission de l\u2019UA par le Sommet, il sera proc\u00e9d\u00e9, entre autres, \u00e0 l\u2019\u00e9lection et nomination des six Commissaires de l\u2019UA par le Conseil ex\u00e9cutif, et des membres des autres organes de l\u2019organisation panafricaine.<\/p>\n<p>Le 34eme sommet ordinaire de l\u2019UA a \u00e9t\u00e9 pr\u00e9c\u00e9d\u00e9 mercredi et jeudi par la 38eme session ordinaire du Conseil ex\u00e9cutif de l\u2019Union.<\/p>\n<\/div>\n<p>Auteur: ALM<br \/>\n<a href=\"https:\/\/aujourdhui.ma\/politique\/avec-la-participation-du-maroc-lua-ouvre-sa-34eme-session-ordinaire\">Cliquez ici pour lire l&rsquo;article depuis sa source.<\/a><\/p>\n","protected":false},"excerpt":{"rendered":"<p>L\u2019Afrique en conclave. En effet, les Chefs d\u2019Etat et de gouvernement des 54 pays membres de l\u2019Union africaine ont entam\u00e9 samedi par visioconf\u00e9rence les travaux de la 34\u00e8me session ordinaire du Sommet de l\u2019UA avec la participation du Maroc. Plac\u00e9 sous la th\u00e9matique: \u00abArts, Culture et Patrimoine: des leviers pour construire l\u2019Afrique que nous voulons\u00bb, [&hellip;]<\/p>\n","protected":false},"author":1759,"featured_media":0,"comment_status":"closed","ping_status":"closed","sticky":false,"template":"","format":"standard","meta":{"fifu_image_url":"http:\/\/aujourdhui.ma\/wp-content\/uploads\/2020\/12\/Union-africaine-UA.jpg","fifu_image_alt":"Avec la participation du Maroc, l\u2019UA ouvre sa\u00a034\u00e8me session ordinaire","footnotes":""},"categories":[73,54],"tags":[],"class_list":["post-110700","post","type-post","status-publish","format-standard","hentry","category-actualite","category-maroc"],"_links":{"self":[{"href":"https:\/\/linitiative.ca\/International\/wp-json\/wp\/v2\/posts\/110700","targetHints":{"allow":["GET"]}}],"collection":[{"href":"https:\/\/linitiative.ca\/International\/wp-json\/wp\/v2\/posts"}],"about":[{"href":"https:\/\/linitiative.ca\/International\/wp-json\/wp\/v2\/types\/post"}],"author":[{"embeddable":true,"href":"https:\/\/linitiative.ca\/International\/wp-json\/wp\/v2\/users\/1759"}],"replies":[{"embeddable":true,"href":"https:\/\/linitiative.ca\/International\/wp-json\/wp\/v2\/comments?post=110700"}],"version-history":[{"count":0,"href":"https:\/\/linitiative.ca\/International\/wp-json\/wp\/v2\/posts\/110700\/revisions"}],"wp:attachment":[{"href":"https:\/\/linitiative.ca\/International\/wp-json\/wp\/v2\/media?parent=110700"}],"wp:term":[{"taxonomy":"category","embeddable":true,"href":"https:\/\/linitiative.ca\/International\/wp-json\/wp\/v2\/categories?post=110700"},{"taxonomy":"post_tag","embeddable":true,"href":"https:\/\/linitiative.ca\/International\/wp-json\/wp\/v2\/tags?post=110700"}],"curies":[{"name":"wp","href":"https:\/\/api.w.org\/{rel}","templated":true}]}}