{"id":110701,"date":"2021-02-06T09:27:54","date_gmt":"2021-02-06T14:27:54","guid":{"rendered":"https:\/\/linitiative.ca\/International\/covid-19-la-vision-royale-pour-surmonter-les-defis-du-continent\/"},"modified":"2021-02-06T09:27:54","modified_gmt":"2021-02-06T14:27:54","slug":"covid-19-la-vision-royale-pour-surmonter-les-defis-du-continent","status":"publish","type":"post","link":"https:\/\/linitiative.ca\/International\/covid-19-la-vision-royale-pour-surmonter-les-defis-du-continent\/","title":{"rendered":"Covid-19:\u00a0 la vision royale pour surmonter les d\u00e9fis du continent"},"content":{"rendered":"<header>\n<\/header>\n<div class=\"entry-content clearfix\" readability=\"55\"><img decoding=\"async\" class=\"post_layout_5_img\" src=\"http:\/\/aujourdhui.ma\/wp-content\/uploads\/2020\/02\/Nasser-Bourita.jpg\" alt=\"Covid-19:&#xA0; la vision royale pour surmonter les d&#xE9;fis du continent\"\/><\/p>\n<p><span class=\"c5\"><strong>Expliqu\u00e9e par Nasser Bourita, devant la 34\u00e8me session ordinaire de l\u2019UA<\/strong><\/span><span id=\"more-367595\"\/><\/p>\n<p>\u00abFace \u00e0 la pand\u00e9mie, Sa Majest\u00e9 le Roi a plac\u00e9 la mobilisation et l\u2019action solidaires comme pr\u00e9requis pour surmonter les d\u00e9fis du continent\u00bb. Les propos \u00e9manent de\u00a0Nasser Bourita, Ministre des Affaires Etrang\u00e8res, de la Coop\u00e9ration Africaine et des Marocains R\u00e9sidant \u00e0 l\u2019Etranger qui s\u2019exprimait devant\u00a0la 34\u00e8me session ordinaire de l\u2019Assembl\u00e9e des Chefs d\u2019Etat et de Gouvernement de l\u2019Union Africaine. \u00abD\u00e8s le d\u00e9but de la pand\u00e9mie, les pr\u00e9dictions pessimistes et alarmistes sur l\u2019Afrique \u00e9taient l\u00e9gion.<\/p>\n<p>Pourtant, alors que l\u2019on a annonc\u00e9 un sc\u00e9nario catastrophe pour l\u2019Afrique, notre continent a su d\u00e9jouer les pires pronostics. Notre continent a su montr\u00e9 sa t\u00e9nacit\u00e9, il a fait preuve de coh\u00e9rence dans la gestion de la pand\u00e9mie sans jamais l\u00e9siner sur les efforts ni perdre de vue le chemin de l\u2019\u00e9mergence\u00bb, a ajout\u00e9 le chef de la diplomatie. Et poursuivre: \u00abla propagation de cette pand\u00e9mie a chamboul\u00e9 les sch\u00e9mas de d\u00e9veloppement et boulevers\u00e9 les priorit\u00e9s nationales. Elle a d\u00e9montr\u00e9 plus que jamais que la mobilisation et l\u2019action solidaire de tous sont des pr\u00e9requis cl\u00e9 pour surmonter les d\u00e9fis multiples du continent, et pour atteindre l\u2019objectif ultime de \u00ab l\u2019Afrique que nous voulons \u00bb.<\/p>\n<p>C\u2019est dans ce cadre que s\u2019inscrit l\u2019initiative de SA Majest\u00e9 le Roi Mohamed VI d\u2019octroyer une assistance en produit m\u00e9dicaux et de protection \u00e0 21 pays africains\u00bb.<\/p>\n<\/div>\n<p>Auteur: ALM<br \/>\n<a href=\"https:\/\/aujourdhui.ma\/politique\/covid-19-la-vision-royale-pour-surmonter-les-defis-du-continent\">Cliquez ici pour lire l&rsquo;article depuis sa source.<\/a><\/p>\n","protected":false},"excerpt":{"rendered":"<p>Expliqu\u00e9e par Nasser Bourita, devant la 34\u00e8me session ordinaire de l\u2019UA \u00abFace \u00e0 la pand\u00e9mie, Sa Majest\u00e9 le Roi a plac\u00e9 la mobilisation et l\u2019action solidaires comme pr\u00e9requis pour surmonter les d\u00e9fis du continent\u00bb. Les propos \u00e9manent de\u00a0Nasser Bourita, Ministre des Affaires Etrang\u00e8res, de la Coop\u00e9ration Africaine et des Marocains R\u00e9sidant \u00e0 l\u2019Etranger qui s\u2019exprimait [&hellip;]<\/p>\n","protected":false},"author":1759,"featured_media":0,"comment_status":"closed","ping_status":"closed","sticky":false,"template":"","format":"standard","meta":{"fifu_image_url":"http:\/\/aujourdhui.ma\/wp-content\/uploads\/2020\/02\/Nasser-Bourita.jpg","fifu_image_alt":"Covid-19:\u00a0 la vision royale pour surmonter les d\u00e9fis du continent","footnotes":""},"categories":[73,54],"tags":[],"class_list":["post-110701","post","type-post","status-publish","format-standard","hentry","category-actualite","category-maroc"],"_links":{"self":[{"href":"https:\/\/linitiative.ca\/International\/wp-json\/wp\/v2\/posts\/110701","targetHints":{"allow":["GET"]}}],"collection":[{"href":"https:\/\/linitiative.ca\/International\/wp-json\/wp\/v2\/posts"}],"about":[{"href":"https:\/\/linitiative.ca\/International\/wp-json\/wp\/v2\/types\/post"}],"author":[{"embeddable":true,"href":"https:\/\/linitiative.ca\/International\/wp-json\/wp\/v2\/users\/1759"}],"replies":[{"embeddable":true,"href":"https:\/\/linitiative.ca\/International\/wp-json\/wp\/v2\/comments?post=110701"}],"version-history":[{"count":0,"href":"https:\/\/linitiative.ca\/International\/wp-json\/wp\/v2\/posts\/110701\/revisions"}],"wp:attachment":[{"href":"https:\/\/linitiative.ca\/International\/wp-json\/wp\/v2\/media?parent=110701"}],"wp:term":[{"taxonomy":"category","embeddable":true,"href":"https:\/\/linitiative.ca\/International\/wp-json\/wp\/v2\/categories?post=110701"},{"taxonomy":"post_tag","embeddable":true,"href":"https:\/\/linitiative.ca\/International\/wp-json\/wp\/v2\/tags?post=110701"}],"curies":[{"name":"wp","href":"https:\/\/api.w.org\/{rel}","templated":true}]}}