{"id":110704,"date":"2021-02-06T08:00:00","date_gmt":"2021-02-06T13:00:00","guid":{"rendered":"https:\/\/linitiative.ca\/International\/une-etudiante-decede-dans-lexplosion-dune-bouteille-de-gaz\/"},"modified":"2021-02-06T08:00:00","modified_gmt":"2021-02-06T13:00:00","slug":"une-etudiante-decede-dans-lexplosion-dune-bouteille-de-gaz","status":"publish","type":"post","link":"https:\/\/linitiative.ca\/International\/une-etudiante-decede-dans-lexplosion-dune-bouteille-de-gaz\/","title":{"rendered":"Une \u00e9tudiante d\u00e9c\u00e8de dans l&rsquo;explosion d&rsquo;une bouteille de gaz"},"content":{"rendered":"<div id=\"originalText\" readability=\"46\">\n<p class=\"c6\">Une jeune \u00e9tudiante est d\u00e9c\u00e9d\u00e9e samedi \u00e0 la cit\u00e9 universitaire pour filles d&rsquo;Ouled Fayet 2 (Alger) dans l&rsquo;explosion d&rsquo;une bouteille de gaz, a-t-on appris aupr\u00e8s des services de la Protection civile d&rsquo;Alger. \u00ab\u00a0L&rsquo;incident a eu lieu \u00e0 10h37 suite \u00e0 une explosion d&rsquo;une bouteille de gaz (camping gaz) causant le d\u00e9c\u00e8s d&rsquo;une jeune \u00e9tudiante (24 ans), originaire de Tiaret\u00a0\u00bb, a pr\u00e9cis\u00e9 \u00e0 l&rsquo;APS le charg\u00e9 de communication, le lieutenant Khaled Benkhalfallah.<\/p>\n<p class=\"c6\">\u00ab\u00a0Un incendie s&rsquo;est \u00e9galement d\u00e9clar\u00e9 dans la chambre de la jeune fille\u00a0\u00bb, a-t-il ajout\u00e9. De leur c\u00f4t\u00e9, les services de la S\u00fbret\u00e9 ont ouvert une enqu\u00eate pour d\u00e9terminer les causes et circonstances de cet incident. Les services de la Protection civile ont transf\u00e9r\u00e9 le corps sans vie de la victime vers la morgue de l&rsquo;H\u00f4pital de Dou\u00e9ra.<\/p>\n<p class=\"c7\"><strong>APS<\/strong><\/p>\n<\/div>\n<div id=\"text_core\" readability=\"46\">\n<p class=\"c6\">Une jeune \u00e9tudiante est d\u00e9c\u00e9d\u00e9e samedi \u00e0 la cit\u00e9 universitaire pour filles d&rsquo;Ouled Fayet 2 (Alger) dans l&rsquo;explosion d&rsquo;une bouteille de gaz, a-t-on appris aupr\u00e8s des services de la Protection civile d&rsquo;Alger. \u00ab\u00a0L&rsquo;incident a eu lieu \u00e0 10h37 suite \u00e0 une explosion d&rsquo;une bouteille de gaz (camping gaz) causant le d\u00e9c\u00e8s d&rsquo;une jeune \u00e9tudiante (24 ans), originaire de Tiaret\u00a0\u00bb, a pr\u00e9cis\u00e9 \u00e0 l&rsquo;APS le charg\u00e9 de communication, le lieutenant Khaled Benkhalfallah.<\/p>\n<p class=\"c6\">\u00ab\u00a0Un incendie s&rsquo;est \u00e9galement d\u00e9clar\u00e9 dans la chambre de la jeune fille\u00a0\u00bb, a-t-il ajout\u00e9. De leur c\u00f4t\u00e9, les services de la S\u00fbret\u00e9 ont ouvert une enqu\u00eate pour d\u00e9terminer les causes et circonstances de cet incident. Les services de la Protection civile ont transf\u00e9r\u00e9 le corps sans vie de la victime vers la morgue de l&rsquo;H\u00f4pital de Dou\u00e9ra.<\/p>\n<p class=\"c7\"><strong>APS<\/strong><\/p>\n<\/div>\n<p>Auteur:<br \/>\n<a href=\"https:\/\/www.liberte-algerie.com\/actualite\/une-etudiante-decede-dans-lexplosion-dune-bouteille-de-gaz-353639\">Cliquez ici pour lire l&rsquo;article depuis sa source.<\/a><\/p>\n","protected":false},"excerpt":{"rendered":"<p>Une jeune \u00e9tudiante est d\u00e9c\u00e9d\u00e9e samedi \u00e0 la cit\u00e9 universitaire pour filles d&rsquo;Ouled Fayet 2 (Alger) dans l&rsquo;explosion d&rsquo;une bouteille de gaz, a-t-on appris aupr\u00e8s des services de la Protection civile d&rsquo;Alger. \u00ab\u00a0L&rsquo;incident a eu lieu \u00e0 10h37 suite \u00e0 une explosion d&rsquo;une bouteille de gaz (camping gaz) causant le d\u00e9c\u00e8s d&rsquo;une jeune \u00e9tudiante (24 [&hellip;]<\/p>\n","protected":false},"author":1742,"featured_media":0,"comment_status":"closed","ping_status":"closed","sticky":false,"template":"","format":"standard","meta":{"fifu_image_url":"","fifu_image_alt":"","footnotes":""},"categories":[73,53],"tags":[],"class_list":["post-110704","post","type-post","status-publish","format-standard","hentry","category-actualite","category-algerie"],"_links":{"self":[{"href":"https:\/\/linitiative.ca\/International\/wp-json\/wp\/v2\/posts\/110704","targetHints":{"allow":["GET"]}}],"collection":[{"href":"https:\/\/linitiative.ca\/International\/wp-json\/wp\/v2\/posts"}],"about":[{"href":"https:\/\/linitiative.ca\/International\/wp-json\/wp\/v2\/types\/post"}],"author":[{"embeddable":true,"href":"https:\/\/linitiative.ca\/International\/wp-json\/wp\/v2\/users\/1742"}],"replies":[{"embeddable":true,"href":"https:\/\/linitiative.ca\/International\/wp-json\/wp\/v2\/comments?post=110704"}],"version-history":[{"count":0,"href":"https:\/\/linitiative.ca\/International\/wp-json\/wp\/v2\/posts\/110704\/revisions"}],"wp:attachment":[{"href":"https:\/\/linitiative.ca\/International\/wp-json\/wp\/v2\/media?parent=110704"}],"wp:term":[{"taxonomy":"category","embeddable":true,"href":"https:\/\/linitiative.ca\/International\/wp-json\/wp\/v2\/categories?post=110704"},{"taxonomy":"post_tag","embeddable":true,"href":"https:\/\/linitiative.ca\/International\/wp-json\/wp\/v2\/tags?post=110704"}],"curies":[{"name":"wp","href":"https:\/\/api.w.org\/{rel}","templated":true}]}}