{"id":110705,"date":"2021-02-06T09:52:08","date_gmt":"2021-02-06T14:52:08","guid":{"rendered":"https:\/\/linitiative.ca\/International\/lancement-a-tamanar-du-programme-de-formation-certifiante-mos\/"},"modified":"2021-02-06T09:52:08","modified_gmt":"2021-02-06T14:52:08","slug":"lancement-a-tamanar-du-programme-de-formation-certifiante-mos","status":"publish","type":"post","link":"https:\/\/linitiative.ca\/International\/lancement-a-tamanar-du-programme-de-formation-certifiante-mos\/","title":{"rendered":"Lancement \u00e0 Tamanar du programme de formation certifiante \u00ab\u00a0MOS\u00a0\u00bb"},"content":{"rendered":"<p>Le coup d\u2019envoi de la formation certifiante \u00ab\u00a0Microsoft Office Specialist\u00a0\u00bb (MOS) intervient dans le cadre de la mise en \u0153uvre de la convention-cadre de partenariat, sign\u00e9e en novembre dernier, entre la Fondation Brahim Aderdour pour l\u2019\u00e9ducation et le d\u00e9veloppement, d\u2019une part, et le minist\u00e8re de l\u2019Education nationale, de la Formation professionnelle, de l\u2019Enseignement sup\u00e9rieur et de la Recherche scientifique, la pr\u00e9fecture de la province d\u2019Essaouira et la collectivit\u00e9 territoriale de Tamanar, d\u2019autre part, et relative \u00e0 la cr\u00e9ation d\u2019un Village d\u2019appui et de formation en milieu rural (VAR), un espace devant contribuer \u00e0 la r\u00e9insertion professionnelle des jeunes.La \u00ab\u00a0MOS\u00a0\u00bb est une certification internationale du g\u00e9ant Microsoft attestant qu\u2019une personne est experte de la suite Microsoft Office (Word, Excel, PowerPoint\u2026).<\/p>\n<p>Ouverte pour toutes les cat\u00e9gories d\u2019\u00e2ge, cette formation gratuite, qui sera assur\u00e9e par des formateurs certifi\u00e9s, permettra, entre autres, d\u2019\u00e9valuer les connaissances et les comp\u00e9tences techniques de chaque b\u00e9n\u00e9ficiaire et d\u2019obtenir un certificat reconnu mondialement, \u00e0 m\u00eame de se faire distinguer, en mati\u00e8re de recherche d\u2019emploi, face aux autres postulants ne disposant pas de ce genre de certificats.<\/p>\n<p>Dans ce sens, un total de 616 inscriptions ont \u00e9t\u00e9 re\u00e7ues pour b\u00e9n\u00e9ficier de cette formation (45% du niveau universitaire, 29% du niveau secondaire, 17% du niveau coll\u00e9gial, 6% du niveau primaire et 3% autres), sachant que sur le total des inscrits, 23% sont sans travail, 23% des \u00e9l\u00e8ves, 22% des \u00e9tudiants, 20% des ind\u00e9pendants et 12% des enseignants et fonctionnaires.<\/p>\n<p>A cette occasion, deux salles \u00e9quip\u00e9es par la Fondation Brahim Aderdour en mat\u00e9riels informatique et bureautique tr\u00e8s modernes ont \u00e9t\u00e9 inaugur\u00e9es, en pr\u00e9sence notamment du pr\u00e9sident du conseil communal de Tamanar, Mounir Aderdour, afin d\u2019accueillir les personnes inscrites qui vont b\u00e9n\u00e9ficier d\u2019une formation solide et qualifiante selon un programme \u00e9tabli par les responsables de cette op\u00e9ration.<\/p>\n<p>Dans un mot de circonstance, le pr\u00e9sident de la Fondation Brahim Aderdour pour l\u2019\u00e9ducation et le d\u00e9veloppement, M. Mohamed Aderdour, s\u2019est f\u00e9licit\u00e9 du lancement de la formation certifiante \u00ab\u00a0MOS\u00a0\u00bb qui vient traduire dans les faits la teneur de ladite convention sign\u00e9e, avec pour finalit\u00e9 de rapprocher la formation de la population de Tamanar, notamment les jeunes, et de celle des collectivit\u00e9s territoriales voisines.<\/p>\n<p>Il a aussi relev\u00e9 l\u2019importance de r\u00e9unir toutes les conditions et le soutien n\u00e9cessaires afin d\u2019atteindre les objectifs escompt\u00e9s \u00e0 travers ce projet pilote, pr\u00e9cisant que SM le Roi n\u2019a eu de cesse d\u2019appeler \u00e0 accorder une attention tr\u00e8s particuli\u00e8re \u00e0 la promotion et \u00e0 la mise \u00e0 niveau du capital humain qui constitue une v\u00e9ritable richesse du Royaume.<\/p>\n<p>Dans ce sens, M. Aderdour a insist\u00e9 sur l\u2019imp\u00e9ratif de doter les jeunes des \u00ab\u00a0softskills\u00a0\u00bb non seulement en mati\u00e8re de communication et de ma\u00eetrise des langues \u00e9trang\u00e8res, mais \u00e9galement en termes d\u2019usage des outils technologiques, soulignant que dans un monde en \u00e9volution effr\u00e9n\u00e9e, tout un chacun, dont la jeunesse, doit ma\u00eetriser l\u2019utilisation de l\u2019outil informatique pour lutter contre l\u2019analphab\u00e9tisme num\u00e9rique et faciliter ainsi l\u2019insertion dans le march\u00e9 de l\u2019emploi.<\/p>\n<p>Cette initiative citoyenne, a-t-il poursuivi, permettra donc aux inscrits de b\u00e9n\u00e9ficier d\u2019une formation adapt\u00e9e, approfondie et de haute qualit\u00e9, couronn\u00e9e par la d\u00e9livrance d\u2019une certification reconnue mondialement apr\u00e8s le passage d\u2019un examen final en ligne via une plateforme d\u00e9di\u00e9e, estimant que la certification \u00ab\u00a0MOS\u00a0\u00bb repr\u00e9sente une v\u00e9ritable valeur ajout\u00e9e au CV de chaque b\u00e9n\u00e9ficiaire, \u00e0 m\u00eame de lui faciliter l\u2019acc\u00e8s au monde du travail.<\/p>\n<p>De son c\u00f4t\u00e9, le Directeur r\u00e9gional de la formation professionnelle de Marrakech-Safi, Hassan Sadouk, a salu\u00e9 le lancement par la Fondation de ce genre de formation certifiante, mettant en \u00e9vidence la n\u00e9cessit\u00e9 de ma\u00eetriser l\u2019utilisation des moyens et outils informatiques pour lutter contre l\u2019analphab\u00e9tisme dans le domaine technologique.<\/p>\n<p>Il a ainsi appel\u00e9 les b\u00e9n\u00e9ficiaires \u00e0 saisir l\u2019opportunit\u00e9 qui leur a \u00e9t\u00e9 offerte dans le cadre du rapprochement du syst\u00e8me de formation de la population en milieu rural, assurant que tous les moyens seront mobilis\u00e9s afin de garantir une formation efficiente et de qualit\u00e9 au niveau de ce \u00ab\u00a0VAR\u00a0\u00bb \u00e0 Tamanar.<\/p>\n<p>M. Sadouk a, en outre, annonc\u00e9 la prochaine r\u00e9alisation aux c\u00f4t\u00e9s de ce Village d\u2019un centre de formation par apprentissage, qui offrira des formations adapt\u00e9es dans un ensemble de m\u00e9tiers (informatique, menuiserie, plomberie, valorisation des produits du terroir\u2026), notant que le minist\u00e8re de tutelle s\u2019attellera \u00e0 la cr\u00e9ation d\u2019autres \u00ab\u00a0VAR\u00a0\u00bb pilotes en milieu rural, afin de permettre \u00e0 la population de ces r\u00e9gions de b\u00e9n\u00e9ficier d\u2019une formation hautement qualifiante.<\/p>\n<p>Et de conclure que la formation professionnelle est devenue un atout majeur et vital pour garantir, notamment aux jeunes, une int\u00e9gration r\u00e9ussie dans le monde du travail.<\/p>\n<p>Pour sa part, le repr\u00e9sentant du bureau d\u2019\u00e9tudes charg\u00e9 de l\u2019\u00e9laboration de l\u2019\u00e9tude nationale sur le projet des \u00ab\u00a0VAR\u00a0\u00bb, a indiqu\u00e9 que ledit bureau a pour mission d\u2019\u00e9tablir un diagnostic sur les possibilit\u00e9s \u00e9conomiques en milieu rural et les moyens de les renforcer dans l\u2019optique de proposer des programmes de formation susceptibles de tirer vers le haut les capacit\u00e9s des jeunes dans les zones rurales et p\u00e9riurbaines, de r\u00e9pondre aux exigences du march\u00e9 de l\u2019emploi et de faciliter l\u2019insertion des jeunes ch\u00f4meurs dans leur r\u00e9gion de r\u00e9sidence.<\/p>\n<p>Afin d\u2019atteindre cet objectif, le bureau va proc\u00e9der \u00e0 l\u2019identification des potentialit\u00e9s des diff\u00e9rents espaces territoriaux de la r\u00e9gion et des atouts \u00e9conomiques dont elle regorge et proposer, ensuite, la consolidation des formations d\u00e9j\u00e0 disponibles dans les centres de formation professionnelle ou la cr\u00e9ation de nouvelles formations en phase avec les exigences du march\u00e9 du travail, ce qui favorisera le renforcement et la diversification des chances d\u2019insertion des jeunes du monde rural et p\u00e9riurbain, \u00e0 m\u00eame de leur offrir plus d\u2019opportunit\u00e9s pour la cr\u00e9ation de leurs propres entreprises ou de coop\u00e9ratives.<\/p>\n<p>Cet effort ne donnera ses fruits que dans le cadre d\u2019une approche collective et participative entre les diff\u00e9rents acteurs et intervenants (directions de la formation professionnelle, autorit\u00e9s locales, collectivit\u00e9s territoriales et organisations de la soci\u00e9t\u00e9 civile), fond\u00e9e sur la cr\u00e9ativit\u00e9 dans la gestion et la bonne gouvernance, a-t-il dit.<\/p>\n<p>Il a not\u00e9 que la commune de Tamanar a \u00e9t\u00e9 la premi\u00e8re \u00e0 l\u2019\u00e9chelle du Royaume \u00e0 concr\u00e9tiser sur le terrain ce mod\u00e8le de \u00ab\u00a0VAR\u00a0\u00bb souhait\u00e9, affirmant que ce premier pas franchi constitue une source d\u2019inspiration dans la perspective de la g\u00e9n\u00e9ralisation de tels Espaces de formation \u00e0 l\u2019ensemble du territoire national.<\/p>\n<p>Auteur: Meriem IGASS<br \/>\n<a href=\"http:\/\/www.mapmarrakech.ma\/fr\/lancement-a-tamanar-du-programme-de-formation-certifiante-mos\/\">Cliquez ici pour lire l&rsquo;article depuis sa source.<\/a><\/p>\n","protected":false},"excerpt":{"rendered":"<p>Le coup d\u2019envoi de la formation certifiante \u00ab\u00a0Microsoft Office Specialist\u00a0\u00bb (MOS) intervient dans le cadre de la mise en \u0153uvre de la convention-cadre de partenariat, sign\u00e9e en novembre dernier, entre la Fondation Brahim Aderdour pour l\u2019\u00e9ducation et le d\u00e9veloppement, d\u2019une part, et le minist\u00e8re de l\u2019Education nationale, de la Formation professionnelle, de l\u2019Enseignement sup\u00e9rieur et [&hellip;]<\/p>\n","protected":false},"author":1788,"featured_media":0,"comment_status":"closed","ping_status":"closed","sticky":false,"template":"","format":"standard","meta":{"fifu_image_url":"","fifu_image_alt":"","footnotes":""},"categories":[54,76],"tags":[],"class_list":["post-110705","post","type-post","status-publish","format-standard","hentry","category-maroc","category-regions"],"_links":{"self":[{"href":"https:\/\/linitiative.ca\/International\/wp-json\/wp\/v2\/posts\/110705","targetHints":{"allow":["GET"]}}],"collection":[{"href":"https:\/\/linitiative.ca\/International\/wp-json\/wp\/v2\/posts"}],"about":[{"href":"https:\/\/linitiative.ca\/International\/wp-json\/wp\/v2\/types\/post"}],"author":[{"embeddable":true,"href":"https:\/\/linitiative.ca\/International\/wp-json\/wp\/v2\/users\/1788"}],"replies":[{"embeddable":true,"href":"https:\/\/linitiative.ca\/International\/wp-json\/wp\/v2\/comments?post=110705"}],"version-history":[{"count":0,"href":"https:\/\/linitiative.ca\/International\/wp-json\/wp\/v2\/posts\/110705\/revisions"}],"wp:attachment":[{"href":"https:\/\/linitiative.ca\/International\/wp-json\/wp\/v2\/media?parent=110705"}],"wp:term":[{"taxonomy":"category","embeddable":true,"href":"https:\/\/linitiative.ca\/International\/wp-json\/wp\/v2\/categories?post=110705"},{"taxonomy":"post_tag","embeddable":true,"href":"https:\/\/linitiative.ca\/International\/wp-json\/wp\/v2\/tags?post=110705"}],"curies":[{"name":"wp","href":"https:\/\/api.w.org\/{rel}","templated":true}]}}