{"id":110706,"date":"2021-02-06T10:14:35","date_gmt":"2021-02-06T15:14:35","guid":{"rendered":"https:\/\/linitiative.ca\/International\/vaccination-forte-adhesion-de-la-famille-de-leducation-nationale\/"},"modified":"2021-02-06T10:14:35","modified_gmt":"2021-02-06T15:14:35","slug":"vaccination-forte-adhesion-de-la-famille-de-leducation-nationale","status":"publish","type":"post","link":"https:\/\/linitiative.ca\/International\/vaccination-forte-adhesion-de-la-famille-de-leducation-nationale\/","title":{"rendered":"Vaccination: Forte adh\u00e9sion de la famille de l\u2019Education nationale"},"content":{"rendered":"<div readability=\"35\">\n<p>Essaouira \u2013 La famille de l\u2019\u00e9ducation nationale dans la province d\u2019Essaouira poursuit sa grande mobilisation et sa forte adh\u00e9sion en vue de contribuer \u00e0 la r\u00e9ussite de la campagne nationale de vaccination contre ce virus, lanc\u00e9e par SM le Roi Mohammed VI.<\/p>\n<\/div>\n<div readability=\"108\">\n<p>Anim\u00e9s d\u2019un sens \u00e9lev\u00e9 de responsabilit\u00e9 et de patriotisme, des cadres, des fonctionnaires et des membres des corps enseignant et administratif relevant de la Direction provinciale de l\u2019Education nationale, cibl\u00e9s par la premi\u00e8re phase de cette op\u00e9ration vaccinale, continuent d\u2019affluer vers les stations de vaccination d\u00e9j\u00e0 op\u00e9rationnelles au niveau de la province pour se faire administrer les premi\u00e8res injections du vaccin contre la Covid-19, dans le strict respect du protocole sanitaire mis en place pour contenir la propagation de la pand\u00e9mie.<\/p>\n<p>Cette campagne, men\u00e9e en \u00e9troite coordination avec les autorit\u00e9s locales et la d\u00e9l\u00e9gation provinciale de la sant\u00e9, concerne le personnel de l\u2019enseignement \u00e2g\u00e9 de 45 ans et plus, dont des cadres administratifs, p\u00e9dagogiques et techniques de la Direction provinciale et des \u00e9tablissements scolaires qui rel\u00e8vent de son ressort, qui ont commenc\u00e9 \u00e0 recevoir la premi\u00e8re dose du vaccin anti-Covid \u00e0 l\u2019instar des autres cat\u00e9gories en premi\u00e8re ligne, \u00e0 savoir le personnel de la sant\u00e9 (40 ans et plus), les forces de l\u2019ordre et les pouvoirs publics, ainsi que les personnes \u00e2g\u00e9es de 75 ans et plus.<\/p>\n<p>Dans une d\u00e9claration \u00e0 la MAP \u00e0 cette occasion, le Directeur provincial de l\u2019Education nationale \u00e0 Essaouira, M. Noureddine El Aoufi Laghzaoui, a soulign\u00e9 que 1.240 membres de la famille de l\u2019enseignement sont concern\u00e9s par cette premi\u00e8re phase de l\u2019op\u00e9ration de vaccination lanc\u00e9e, lundi dernier, au niveau de la Direction provinciale.<\/p>\n<p>Il a, dans ce sens, exprim\u00e9, au nom des membres de la famille de l\u2019\u00e9ducation dans la province, ses vifs remerciements et sa profonde gratitude \u00e0 SM le Roi Mohammed VI pour la Haute Sollicitude Royale et la bienveillance humaine dont le Souverain ne cesse d\u2019entourer l\u2019ensemble des composantes du peuple marocain, dont le personnel de l\u2019\u00e9ducation nationale.<\/p>\n<p>M. El Aoufi Laghzaoui a, en outre, tenu \u00e0 saluer la forte mobilisation et l\u2019engagement infaillible de la famille de l\u2019enseignement \u00e0 l\u2019\u00e9chelle de la province afin d\u2019assurer la r\u00e9ussite de cette campagne de vaccination, ajoutant que cette op\u00e9ration se d\u00e9roule dans de bonnes conditions gr\u00e2ce \u00e0 la coordination entre la direction provinciale de l\u2019\u00e9ducation nationale, les autorit\u00e9s locales et la d\u00e9l\u00e9gation provinciale de la sant\u00e9, qui sont constamment mobilis\u00e9es pour garantir le succ\u00e8s de cette campagne vaccinale gratuite.<\/p>\n<p>Il a pr\u00e9cis\u00e9 que les b\u00e9n\u00e9ficiaires, qui continuent de se rendre aux points de vaccination, ont \u00e9t\u00e9 au pr\u00e9alable inform\u00e9s des rendez-vous pour assurer la fluidit\u00e9 de cette op\u00e9ration et ce, conform\u00e9ment au protocole sanitaire adopt\u00e9 par le minist\u00e8re de la Sant\u00e9.<\/p>\n<p>Le responsable a \u00e9galement appel\u00e9 l\u2019ensemble de la famille \u00e9ducative relevant de la Direction provinciale \u00e0 s\u2019inscrire pleinement dans ce grand effort men\u00e9 \u00e0 l\u2019\u00e9chelle nationale, dans l\u2019optique d\u2019atteindre une immunit\u00e9 collective contre la Covid-19 et de revenir \u00e0 une vie normale dans les plus brefs d\u00e9lais.<\/p>\n<p>Conform\u00e9ment aux Hautes Instructions Royales, la campagne de vaccination sera gratuite pour l\u2019ensemble des citoyens, l\u2019objectif \u00e9tant d\u2019immuniser toutes les composantes du peuple marocain (30 millions pour vacciner \u00e0 peu pr\u00e8s 80% de la population), de r\u00e9duire puis \u00e9liminer les cas de contamination et de d\u00e9c\u00e8s dus \u00e0 l\u2019\u00e9pid\u00e9mie et de contenir la propagation du virus, dans la perspective d\u2019un retour progressif \u00e0 une vie normale.<\/p>\n<p>Cette campagne nationale se d\u00e9roulera de fa\u00e7on progressive et par tranches et b\u00e9n\u00e9ficiera \u00e0 l\u2019ensemble des citoyens marocains et r\u00e9sidents de 17 ans et plus.<\/p>\n<\/div>\n<p>Auteur: Meriem IGASS<br \/>\n<a href=\"http:\/\/www.mapmarrakech.ma\/fr\/vaccination-forte-adhesion-de-la-famille-de-leducation-nationale\/\">Cliquez ici pour lire l&rsquo;article depuis sa source.<\/a><\/p>\n","protected":false},"excerpt":{"rendered":"<p>Essaouira \u2013 La famille de l\u2019\u00e9ducation nationale dans la province d\u2019Essaouira poursuit sa grande mobilisation et sa forte adh\u00e9sion en vue de contribuer \u00e0 la r\u00e9ussite de la campagne nationale de vaccination contre ce virus, lanc\u00e9e par SM le Roi Mohammed VI. Anim\u00e9s d\u2019un sens \u00e9lev\u00e9 de responsabilit\u00e9 et de patriotisme, des cadres, des fonctionnaires [&hellip;]<\/p>\n","protected":false},"author":1788,"featured_media":0,"comment_status":"closed","ping_status":"closed","sticky":false,"template":"","format":"standard","meta":{"fifu_image_url":"","fifu_image_alt":"","footnotes":""},"categories":[54,76],"tags":[],"class_list":["post-110706","post","type-post","status-publish","format-standard","hentry","category-maroc","category-regions"],"_links":{"self":[{"href":"https:\/\/linitiative.ca\/International\/wp-json\/wp\/v2\/posts\/110706","targetHints":{"allow":["GET"]}}],"collection":[{"href":"https:\/\/linitiative.ca\/International\/wp-json\/wp\/v2\/posts"}],"about":[{"href":"https:\/\/linitiative.ca\/International\/wp-json\/wp\/v2\/types\/post"}],"author":[{"embeddable":true,"href":"https:\/\/linitiative.ca\/International\/wp-json\/wp\/v2\/users\/1788"}],"replies":[{"embeddable":true,"href":"https:\/\/linitiative.ca\/International\/wp-json\/wp\/v2\/comments?post=110706"}],"version-history":[{"count":0,"href":"https:\/\/linitiative.ca\/International\/wp-json\/wp\/v2\/posts\/110706\/revisions"}],"wp:attachment":[{"href":"https:\/\/linitiative.ca\/International\/wp-json\/wp\/v2\/media?parent=110706"}],"wp:term":[{"taxonomy":"category","embeddable":true,"href":"https:\/\/linitiative.ca\/International\/wp-json\/wp\/v2\/categories?post=110706"},{"taxonomy":"post_tag","embeddable":true,"href":"https:\/\/linitiative.ca\/International\/wp-json\/wp\/v2\/tags?post=110706"}],"curies":[{"name":"wp","href":"https:\/\/api.w.org\/{rel}","templated":true}]}}