{"id":110707,"date":"2021-02-06T10:35:09","date_gmt":"2021-02-06T15:35:09","guid":{"rendered":"https:\/\/linitiative.ca\/International\/la-dg-du-fmi-souligne-les-bons-choix-de-politique-monetaire-du-maroc\/"},"modified":"2021-02-06T10:35:09","modified_gmt":"2021-02-06T15:35:09","slug":"la-dg-du-fmi-souligne-les-bons-choix-de-politique-monetaire-du-maroc","status":"publish","type":"post","link":"https:\/\/linitiative.ca\/International\/la-dg-du-fmi-souligne-les-bons-choix-de-politique-monetaire-du-maroc\/","title":{"rendered":"La DG du FMI souligne les \u00ab\u00a0bons choix\u00a0\u00bb de politique mon\u00e9taire du Maroc"},"content":{"rendered":"<div readability=\"38\">\n<p>La directrice g\u00e9n\u00e9rale du Fonds mon\u00e9taire international (FMI), Kristalina Georgieva, a mis en avant \u00ab\u00a0le partenariat tr\u00e8s fort\u00a0\u00bb entre l\u2019institution financi\u00e8re internationale et le Maroc, tout en relevant les \u00ab\u00a0bons choix\u00a0\u00bb de politique mon\u00e9taire et fiscale op\u00e9r\u00e9s par le Royaume face \u00e0 la pand\u00e9mie de la Covid-19.<\/p>\n<\/div>\n<div readability=\"78\">\n<p>\u00ab\u00a0Nous avons un partenariat tr\u00e8s fort avec le Maroc depuis des ann\u00e9es. Au cours des huit derni\u00e8res ann\u00e9es, nous avons eu un engagement qui donnait au Maroc la possibilit\u00e9 de recourir \u00e0 une Ligne de pr\u00e9caution et de liquidit\u00e9 (LPL). C\u2019est une pr\u00e9caution qui a fait ses preuves lors de cette crise. En effet, pour la premi\u00e8re fois, le Maroc a op\u00e9r\u00e9 un tirage de 3 milliards sur cette Ligne pour contribuer \u00e0 surmonter les d\u00e9fis de cette pand\u00e9mie\u00a0\u00bb, a d\u00e9clar\u00e9 Mme Georgieva lors d\u2019un point de presse.<\/p>\n<p>En r\u00e9ponse \u00e0 des questions de la MAP \u00e0 Washington sur le partenariat du FMI avec le Maroc, et \u00e0 quel point le lancement par le Royaume de sa campagne de vaccination, l\u2019une des premi\u00e8res de la r\u00e9gion MENA et d\u2019Afrique, favorise une reprise rapide de l\u2019\u00e9conomie, la directrice g\u00e9n\u00e9rale du FMI a relev\u00e9: \u00ab\u00a0nous avons actuellement un engagement dans le cadre d\u2019une mission au titre l\u2019Article IV. Nous discutons des objectifs cibl\u00e9s par le Maroc, et ce que nous pourrions faire pour soutenir le pays pendant cette p\u00e9riode \u00ab\u00a0.<\/p>\n<p>S\u2019agissant de la riposte du Maroc face \u00e0 la pand\u00e9mie, elle a mis en exergue sa \u00ab\u00a0mani\u00e8re de prioriser la r\u00e9ponse, \u00e9tant donn\u00e9 qu\u2019\u00e0 l\u2019instar de beaucoup d\u2019autres pays, l\u2019espace fiscal n\u2019est pas illimit\u00e9\u00a0\u00bb.<\/p>\n<p>\u00ab\u00a0Au niveau de la politique mon\u00e9taire et le positionnement fiscal du Maroc, le pays a fait les bons choix pour ses citoyens\u00a0\u00bb, a-t-elle soutenu.<\/p>\n<p>S\u2019agissant de l\u2019assembl\u00e9e annuelle du FMI et de la Banque mondiale qui devait se tenir en 2021 \u00e0 Marrakech avant d\u2019\u00eatre report\u00e9e \u00e0 2022 sous l\u2019effet de la crise sanitaire, la cheffe de l\u2019institution financi\u00e8re internationale a indiqu\u00e9 : \u00ab\u00a0nous \u00e9tions vraiment impatients de nous rendre au Maroc au mois d\u2019octobre de cette ann\u00e9e. Cela a d\u00fb \u00eatre report\u00e9. J\u2019esp\u00e8re sinc\u00e8rement que les Assembl\u00e9es auront lieu au Maroc en octobre l\u2019ann\u00e9e prochaine, et je ne peux souligner \u00e0 quel point j\u2019ai h\u00e2te de retrouver l\u2019incroyable hospitalit\u00e9 marocaine.\u00a0\u00bb<\/p>\n<p>Apr\u00e8s avoir rappel\u00e9 \u00e0 quel point la pand\u00e9mie a chamboul\u00e9, outre les \u00e9conomies, le mode de vie et d\u2019interaction entre individus, Mme Georgieva a conclu sur une note d\u2019espoir, estimant qu\u2019\u00a0\u00bbavec un peu de chance, l\u2019assembl\u00e9e au Maroc sera un moment pour c\u00e9l\u00e9brer le fait que nous avons surmont\u00e9 un \u00e9norme d\u00e9fi\u00a0\u00bb.<\/p>\n<\/div>\n<p>Auteur: Meriem IGASS<br \/>\n<a href=\"http:\/\/www.mapmarrakech.ma\/fr\/la-dg-du-fmi-souligne-les-bons-choix-de-politique-monetaire-du-maroc\/\">Cliquez ici pour lire l&rsquo;article depuis sa source.<\/a><\/p>\n","protected":false},"excerpt":{"rendered":"<p>La directrice g\u00e9n\u00e9rale du Fonds mon\u00e9taire international (FMI), Kristalina Georgieva, a mis en avant \u00ab\u00a0le partenariat tr\u00e8s fort\u00a0\u00bb entre l\u2019institution financi\u00e8re internationale et le Maroc, tout en relevant les \u00ab\u00a0bons choix\u00a0\u00bb de politique mon\u00e9taire et fiscale op\u00e9r\u00e9s par le Royaume face \u00e0 la pand\u00e9mie de la Covid-19. \u00ab\u00a0Nous avons un partenariat tr\u00e8s fort avec le [&hellip;]<\/p>\n","protected":false},"author":1788,"featured_media":0,"comment_status":"closed","ping_status":"closed","sticky":false,"template":"","format":"standard","meta":{"fifu_image_url":"","fifu_image_alt":"","footnotes":""},"categories":[54,76],"tags":[],"class_list":["post-110707","post","type-post","status-publish","format-standard","hentry","category-maroc","category-regions"],"_links":{"self":[{"href":"https:\/\/linitiative.ca\/International\/wp-json\/wp\/v2\/posts\/110707","targetHints":{"allow":["GET"]}}],"collection":[{"href":"https:\/\/linitiative.ca\/International\/wp-json\/wp\/v2\/posts"}],"about":[{"href":"https:\/\/linitiative.ca\/International\/wp-json\/wp\/v2\/types\/post"}],"author":[{"embeddable":true,"href":"https:\/\/linitiative.ca\/International\/wp-json\/wp\/v2\/users\/1788"}],"replies":[{"embeddable":true,"href":"https:\/\/linitiative.ca\/International\/wp-json\/wp\/v2\/comments?post=110707"}],"version-history":[{"count":0,"href":"https:\/\/linitiative.ca\/International\/wp-json\/wp\/v2\/posts\/110707\/revisions"}],"wp:attachment":[{"href":"https:\/\/linitiative.ca\/International\/wp-json\/wp\/v2\/media?parent=110707"}],"wp:term":[{"taxonomy":"category","embeddable":true,"href":"https:\/\/linitiative.ca\/International\/wp-json\/wp\/v2\/categories?post=110707"},{"taxonomy":"post_tag","embeddable":true,"href":"https:\/\/linitiative.ca\/International\/wp-json\/wp\/v2\/tags?post=110707"}],"curies":[{"name":"wp","href":"https:\/\/api.w.org\/{rel}","templated":true}]}}