{"id":110711,"date":"2021-02-06T10:30:00","date_gmt":"2021-02-06T15:30:00","guid":{"rendered":"https:\/\/linitiative.ca\/International\/ronaldo-est-un-defi-special\/"},"modified":"2021-02-06T10:30:00","modified_gmt":"2021-02-06T15:30:00","slug":"ronaldo-est-un-defi-special","status":"publish","type":"post","link":"https:\/\/linitiative.ca\/International\/ronaldo-est-un-defi-special\/","title":{"rendered":"\u00abRonaldo est un d\u00e9fi sp\u00e9cial\u00a0!\u00bb"},"content":{"rendered":"<p class=\"p1 c3\"><span class=\"c2\">Le champion du monde 2014 a affront\u00e9 les meilleurs joueurs du monde et a appris \u00e0 savourer de tels tests dans sa carri\u00e8re.<\/span><\/p>\n<p class=\"p1 c3\"><span class=\"c2\">Manuel Neuer se f\u00e9licite du \u00abd\u00e9fi sp\u00e9cial\u00bb\u00a0de faire face \u00e0 des attaquants tels que Cristiano Ronaldo, le gardien du Bayern Munich affirmant que les meilleurs attaquants du monde ne lui font pas peur.\u00a0Le vainqueur de la Coupe du monde 2014 s\u2019est habitu\u00e9 \u00e0 affronter l\u2019\u00e9lite mondiale au cours de sa brillante carri\u00e8re. Avec le Bayern et l\u2019Allemagne, le gardien de but de 34 ans a jou\u00e9 au plus haut niveau et a remport\u00e9 \u00e0 peu pr\u00e8s tous les titres majeurs qu\u2019ils pouvait gagner.<\/span><\/p>\n<p class=\"p1 c3\"><span class=\"c2\">La r\u00e9putation de Manuel Neuer le pr\u00e9c\u00e8de souvent, ce qui lui permet de se mettre dans la t\u00eate de ses adversaires, m\u00eame dans celle du quintuple vainqueur\u00a0du Ballon d\u2019Or, Cristiano\u00a0Ronaldo, qu re\u00e7oit le m\u00eame traitement que tout autre adversaire. Le portier du Bayern a d\u00e9clar\u00e9 au magazine 51 aim\u00e9 affronter\u00a0l\u2019ancienne superstar de Manchester United et du Real Madrid qui reste un redoutable ennemi\u00a0:\u00a0\u00abLa diff\u00e9rence est que je connais Cristiano Ronaldo mieux que beaucoup d\u2019autres apr\u00e8s nos nombreux duels\u00bb.<\/span><\/p>\n<p class=\"p1 c3\"><span class=\"c2\">\u00abJe ne dis pas : \u2018Oh, voil\u00e0 Ronaldo, je dois avoir peur\u2019.\u00bb, a ajout\u00e9 l\u2019Allemand. Manuel\u00a0Neuer a ajout\u00e9 sur le \u00abd\u00e9fi sp\u00e9cial\u00bb\u00a0pos\u00e9 par le \u00abjeu de l\u2019esprit\u00bb lors des\u00a0face \u00e0 face alors que les attaquants adverses se rapprochaient de son but : \u00abNe vous m\u00e9prenez pas, je n\u2019aime pas les situations comme celle-ci. Je pense principalement \u00e0 l\u2019\u00e9quipe, mais si je peux faire mes preuves, je veux \u00eatre l\u00e0\u00bb.\u00a0<\/span><\/p>\n<p class=\"p1 c3\"><span class=\"c2\">Manuel Neuer est consid\u00e9r\u00e9 comme l\u2019incarnation de ce qu\u2019est un gardien de but moderne, l\u2019embl\u00e9matique portier allemand ayant \u00e9t\u00e9 un gardien\u00a0aussi fiable avec ses pieds qu\u2019avec ses mains bien avant que le jeu au pied chez les gardiens ne devienne aussi important qu\u2019\u00e0 l\u2019heure actuelle. Il a ajout\u00e9 sur la mentalit\u00e9 qu\u2019il a adopt\u00e9e tout au long de sa remarquable carri\u00e8re:\u00a0\u00abL\u2019attaquant est le premier d\u00e9fenseur, disent-ils toujours &#8211; je pense que le gardien de but devrait \u00eatre le premier attaquant ces jours-ci.\u00bb<\/span><\/p>\n<p class=\"p1 c3\"><span class=\"c2\">Neuer consid\u00e8re qu\u2019il est de son devoir de \u00abcontr\u00f4ler l\u2019espace derri\u00e8re la d\u00e9fense\u00bb\u00a0en tant que gardien avec un positionnement de lib\u00e9ro, ses efforts derri\u00e8re la d\u00e9fense\u00a0permettant \u00e0 ceux qui se trouvent devant lui de conserver l\u2019\u00e9nergie au moment o\u00f9 ils en ont le plus besoin :\u00a0\u00abLe fait que je sois pratiquement un \u00e9conomiseur d\u2019\u00e9nergie pour l\u2019\u00e9quipe de cette mani\u00e8re est l\u2019un des nombreux aspects positifs de ce c\u00f4t\u00e9.\u00bb<\/span><\/p>\n<p class=\"p1 c3\"><span class=\"c2\">Manuel Neuer, qui a aid\u00e9 le Bayern Munich \u00e0 remporter un autre tripl\u00e9 en 2019-20, a toujours autan faim de troph\u00e9es lors de la saison 2020-2021. Si le portier allemand ne pourra pas aider son \u00e9quipe \u00e0 faire aussi bien que la saison derni\u00e8re, l\u2019\u00e9quipe d\u2019Hansi Flick ayant d\u00e9j\u00e0 \u00e9t\u00e9 \u00e9limin\u00e9e en Coupe d\u2019Allemagne, il aura \u00e0 coeur de se montrer sous son meilleur visage en Bundesliga, et surtout en Ligue des champions pour tenter de conserver sa couronne europ\u00e9enne.<\/span><\/p>\n<p>Auteur: letemps1<br \/>\n<a href=\"http:\/\/www.letemps.com.tn\/article\/119165\/%C2%ABronaldo-est-un-d%C3%A9fi-sp%C3%A9cial%C2%A0%C2%BB\">Cliquez ici pour lire l&rsquo;article depuis sa source.<\/a><\/p>\n","protected":false},"excerpt":{"rendered":"<p>Le champion du monde 2014 a affront\u00e9 les meilleurs joueurs du monde et a appris \u00e0 savourer de tels tests dans sa carri\u00e8re. Manuel Neuer se f\u00e9licite du \u00abd\u00e9fi sp\u00e9cial\u00bb\u00a0de faire face \u00e0 des attaquants tels que Cristiano Ronaldo, le gardien du Bayern Munich affirmant que les meilleurs attaquants du monde ne lui font pas [&hellip;]<\/p>\n","protected":false},"author":1773,"featured_media":0,"comment_status":"closed","ping_status":"closed","sticky":false,"template":"","format":"standard","meta":{"fifu_image_url":"","fifu_image_alt":"","footnotes":""},"categories":[73,55],"tags":[],"class_list":["post-110711","post","type-post","status-publish","format-standard","hentry","category-actualite","category-tunisie"],"_links":{"self":[{"href":"https:\/\/linitiative.ca\/International\/wp-json\/wp\/v2\/posts\/110711","targetHints":{"allow":["GET"]}}],"collection":[{"href":"https:\/\/linitiative.ca\/International\/wp-json\/wp\/v2\/posts"}],"about":[{"href":"https:\/\/linitiative.ca\/International\/wp-json\/wp\/v2\/types\/post"}],"author":[{"embeddable":true,"href":"https:\/\/linitiative.ca\/International\/wp-json\/wp\/v2\/users\/1773"}],"replies":[{"embeddable":true,"href":"https:\/\/linitiative.ca\/International\/wp-json\/wp\/v2\/comments?post=110711"}],"version-history":[{"count":0,"href":"https:\/\/linitiative.ca\/International\/wp-json\/wp\/v2\/posts\/110711\/revisions"}],"wp:attachment":[{"href":"https:\/\/linitiative.ca\/International\/wp-json\/wp\/v2\/media?parent=110711"}],"wp:term":[{"taxonomy":"category","embeddable":true,"href":"https:\/\/linitiative.ca\/International\/wp-json\/wp\/v2\/categories?post=110711"},{"taxonomy":"post_tag","embeddable":true,"href":"https:\/\/linitiative.ca\/International\/wp-json\/wp\/v2\/tags?post=110711"}],"curies":[{"name":"wp","href":"https:\/\/api.w.org\/{rel}","templated":true}]}}