{"id":110712,"date":"2021-02-06T10:30:00","date_gmt":"2021-02-06T15:30:00","guid":{"rendered":"https:\/\/linitiative.ca\/International\/le-gardien-de-lajax-onana-suspendu-un-an\/"},"modified":"2021-02-06T10:30:00","modified_gmt":"2021-02-06T15:30:00","slug":"le-gardien-de-lajax-onana-suspendu-un-an","status":"publish","type":"post","link":"https:\/\/linitiative.ca\/International\/le-gardien-de-lajax-onana-suspendu-un-an\/","title":{"rendered":"Le gardien de l\u2019Ajax, Onana suspendu un an !"},"content":{"rendered":"<p class=\"p1 c3\"><span class=\"c2\">Andre Onana est suspendu pour 12 mois par l\u2019UEFA apr\u00e8s avoir rat\u00e9 un contr\u00f4le antidopage.<\/span><\/p>\n<p class=\"p1 c3\"><span class=\"c2\">Le portier de l\u2019Ajax Amsterdam a subi un contr\u00f4le antidopage le 30 octobre dernier et du furos\u00e9mide a \u00e9t\u00e9 trouv\u00e9 dans son urine.\u00a0<\/span><\/p>\n<p class=\"p1 c3\"><span class=\"c2\">R\u00e9sultat : l\u2019UEFA a d\u00e9cid\u00e9 de s\u00e9vir avec une suspension d\u2019un an pour le portier ajacide.<\/span><\/p>\n<p class=\"p1 c3\"><span class=\"c2\">\u00ab\u00a0La commission disciplinaire de l\u203aassociation europ\u00e9enne de football UEFA a impos\u00e9 une suspension de 12 mois \u00e0 Andr\u00e9 Onana pour violation des r\u00e8gles d\u2019anti dopage.\u00a0Apr\u00e8s un contr\u00f4le \u00abhors comp\u00e9tition\u00bb le 30 octobre de l\u2019ann\u00e9e derni\u00e8re, la substance Furos\u00e9mide a \u00e9t\u00e9 trouv\u00e9e dans l\u2019urine du gardien.\u00a0La suspension est effective \u00e0 partir d\u2019aujourd\u2019hui et s\u2019applique \u00e0 toutes les activit\u00e9s de football, nationales et internationales\u00a0\u00bb, indique le communiqu\u00e9 de l\u2019UEFA.<\/span><\/p>\n<p class=\"p1 c3\"><span class=\"c2\">Le club a publi\u00e9 un communiqu\u00e9 dans la foul\u00e9e, arguant que le gardien ne se sentait pas bien ce jour-l\u00e0 et a pris un m\u00e9dicament, qui se trouvait \u00eatre celui de sa femme.<\/span><\/p>\n<p class=\"p1 c3\"><span class=\"c2\">\u00abLe matin du 30 octobre, Onana se sentait mal. Il voulait prendre une pilule pour soulager l\u2019inconfort. Sans le savoir, cependant, il a pris du Lasimac, un m\u00e9dicament que sa femme s\u2019\u00e9tait d\u00e9j\u00e0 vu prescrire. La confusion d\u2019Onana l\u2019a amen\u00e9 \u00e0 prendre par erreur les m\u00e9dicaments de sa femme, ce qui a finalement amen\u00e9 l\u2019UEFA \u00e0 prendre cette mesure contre le gardien de but. En outre, l\u2019organe disciplinaire de l\u2019association de football a d\u00e9clar\u00e9 qu\u2019Onana n\u2019avait aucune intention de tricher. Cependant, l\u2019Association europ\u00e9enne de football estime, sur la base des r\u00e8gles antidopage applicables, qu\u2019un athl\u00e8te a le devoir \u00e0 tout moment de veiller \u00e0 ce qu\u2019aucune substance interdite ne p\u00e9n\u00e8tre dans l\u2019organisme.\u00bb, peut-on ainsi lire sur le site officiel du club n\u00e9erlandais.<\/span><\/p>\n<p>Auteur: letemps1<br \/>\n<a href=\"http:\/\/www.letemps.com.tn\/article\/119166\/le-gardien-de-l%E2%80%99ajax-onana-suspendu-un\">Cliquez ici pour lire l&rsquo;article depuis sa source.<\/a><\/p>\n","protected":false},"excerpt":{"rendered":"<p>Andre Onana est suspendu pour 12 mois par l\u2019UEFA apr\u00e8s avoir rat\u00e9 un contr\u00f4le antidopage. Le portier de l\u2019Ajax Amsterdam a subi un contr\u00f4le antidopage le 30 octobre dernier et du furos\u00e9mide a \u00e9t\u00e9 trouv\u00e9 dans son urine.\u00a0 R\u00e9sultat : l\u2019UEFA a d\u00e9cid\u00e9 de s\u00e9vir avec une suspension d\u2019un an pour le portier ajacide. \u00ab\u00a0La [&hellip;]<\/p>\n","protected":false},"author":1773,"featured_media":0,"comment_status":"closed","ping_status":"closed","sticky":false,"template":"","format":"standard","meta":{"fifu_image_url":"","fifu_image_alt":"","footnotes":""},"categories":[73,55],"tags":[],"class_list":["post-110712","post","type-post","status-publish","format-standard","hentry","category-actualite","category-tunisie"],"_links":{"self":[{"href":"https:\/\/linitiative.ca\/International\/wp-json\/wp\/v2\/posts\/110712","targetHints":{"allow":["GET"]}}],"collection":[{"href":"https:\/\/linitiative.ca\/International\/wp-json\/wp\/v2\/posts"}],"about":[{"href":"https:\/\/linitiative.ca\/International\/wp-json\/wp\/v2\/types\/post"}],"author":[{"embeddable":true,"href":"https:\/\/linitiative.ca\/International\/wp-json\/wp\/v2\/users\/1773"}],"replies":[{"embeddable":true,"href":"https:\/\/linitiative.ca\/International\/wp-json\/wp\/v2\/comments?post=110712"}],"version-history":[{"count":0,"href":"https:\/\/linitiative.ca\/International\/wp-json\/wp\/v2\/posts\/110712\/revisions"}],"wp:attachment":[{"href":"https:\/\/linitiative.ca\/International\/wp-json\/wp\/v2\/media?parent=110712"}],"wp:term":[{"taxonomy":"category","embeddable":true,"href":"https:\/\/linitiative.ca\/International\/wp-json\/wp\/v2\/categories?post=110712"},{"taxonomy":"post_tag","embeddable":true,"href":"https:\/\/linitiative.ca\/International\/wp-json\/wp\/v2\/tags?post=110712"}],"curies":[{"name":"wp","href":"https:\/\/api.w.org\/{rel}","templated":true}]}}