{"id":110714,"date":"2021-02-06T15:14:02","date_gmt":"2021-02-06T20:14:02","guid":{"rendered":"https:\/\/linitiative.ca\/International\/pros-7e-titularisation-de-suite-pour-zerrouki\/"},"modified":"2021-02-06T15:14:02","modified_gmt":"2021-02-06T20:14:02","slug":"pros-7e-titularisation-de-suite-pour-zerrouki","status":"publish","type":"post","link":"https:\/\/linitiative.ca\/International\/pros-7e-titularisation-de-suite-pour-zerrouki\/","title":{"rendered":"Pros : 7e titularisation de suite pour Zerrouki!"},"content":{"rendered":"<div readability=\"32\">\n<p>Auteur : <span>Moumen A.<\/span> <span class=\"time\">samedi 06 f\u00e9vrier 2021 19:31<\/span><\/p>\n<\/div>\n<div id=\"post_core\" readability=\"40\">\n<p>Le jeune milieu de terrain d\u00e9fensif de Twente FC a scell\u00e9 sa place. Malgr\u00e9 son \u00e2ge, \u00e0 peine 22 ans, le joueur form\u00e9 \u00e0 l\u2019Ajax Amsterdam a enchain\u00e9 par une autre titularisation ce samedi\u00a0 contre le PSV Eindhoven. Ramiz Zerrouki qui a align\u00e9 sa 7e titularisation a jou\u00e9 l\u2019int\u00e9gralit\u00e9 de la rencontre pour un total de plus de 846 minutes dans les jambes. En d\u00e9pit d\u2019un bon d\u00e9but de match, les camarades de Zerrouki se sont inclin\u00e9 trois\u00a0 buts \u00e0 z\u00e9ro.<\/p>\n<p><strong>Moumen A.<\/strong><\/p>\n<p><strong>Publi\u00e9 dans :<\/strong> <span>Ramiz Zerrouki<\/span><\/p>\n<\/div>\n<p>Auteur:<br \/>\n<a href=\"http:\/\/www.lebuteur.com\/article\/detail?titre=7e-titularisation-de-suite-pour-zerrouki&#038;id=98979&#038;utm_source=feedburner&#038;utm_medium=feed&#038;utm_campaign=Feed%3A+GalerieFArtciles+%28Les+derniers+articles++-+lebuteur.com%29\">Cliquez ici pour lire l&rsquo;article depuis sa source.<\/a><\/p>\n","protected":false},"excerpt":{"rendered":"<p>Auteur : Moumen A. samedi 06 f\u00e9vrier 2021 19:31 Le jeune milieu de terrain d\u00e9fensif de Twente FC a scell\u00e9 sa place. Malgr\u00e9 son \u00e2ge, \u00e0 peine 22 ans, le joueur form\u00e9 \u00e0 l\u2019Ajax Amsterdam a enchain\u00e9 par une autre titularisation ce samedi\u00a0 contre le PSV Eindhoven. Ramiz Zerrouki qui a align\u00e9 sa 7e titularisation [&hellip;]<\/p>\n","protected":false},"author":1738,"featured_media":0,"comment_status":"closed","ping_status":"closed","sticky":false,"template":"","format":"standard","meta":{"fifu_image_url":"\/\/cdn.lebuteur.com\/data\/images\/article\/thumbs\/large-8e-titularisation-de-suite-pour-zerrouki-e0461.jpg","fifu_image_alt":"Pros : 7e titularisation de suite pour Zerrouki!","footnotes":""},"categories":[53,75],"tags":[],"class_list":["post-110714","post","type-post","status-publish","format-standard","hentry","category-algerie","category-sport"],"_links":{"self":[{"href":"https:\/\/linitiative.ca\/International\/wp-json\/wp\/v2\/posts\/110714","targetHints":{"allow":["GET"]}}],"collection":[{"href":"https:\/\/linitiative.ca\/International\/wp-json\/wp\/v2\/posts"}],"about":[{"href":"https:\/\/linitiative.ca\/International\/wp-json\/wp\/v2\/types\/post"}],"author":[{"embeddable":true,"href":"https:\/\/linitiative.ca\/International\/wp-json\/wp\/v2\/users\/1738"}],"replies":[{"embeddable":true,"href":"https:\/\/linitiative.ca\/International\/wp-json\/wp\/v2\/comments?post=110714"}],"version-history":[{"count":0,"href":"https:\/\/linitiative.ca\/International\/wp-json\/wp\/v2\/posts\/110714\/revisions"}],"wp:attachment":[{"href":"https:\/\/linitiative.ca\/International\/wp-json\/wp\/v2\/media?parent=110714"}],"wp:term":[{"taxonomy":"category","embeddable":true,"href":"https:\/\/linitiative.ca\/International\/wp-json\/wp\/v2\/categories?post=110714"},{"taxonomy":"post_tag","embeddable":true,"href":"https:\/\/linitiative.ca\/International\/wp-json\/wp\/v2\/tags?post=110714"}],"curies":[{"name":"wp","href":"https:\/\/api.w.org\/{rel}","templated":true}]}}