{"id":110716,"date":"2021-02-06T15:14:05","date_gmt":"2021-02-06T20:14:05","guid":{"rendered":"https:\/\/linitiative.ca\/International\/pros-premier-league-west-ham-manque-une-belle-opportunite-face-a-fulham-benrahma-sorti-en-deuxieme-periode\/"},"modified":"2021-02-06T15:14:05","modified_gmt":"2021-02-06T20:14:05","slug":"pros-premier-league-west-ham-manque-une-belle-opportunite-face-a-fulham-benrahma-sorti-en-deuxieme-periode","status":"publish","type":"post","link":"https:\/\/linitiative.ca\/International\/pros-premier-league-west-ham-manque-une-belle-opportunite-face-a-fulham-benrahma-sorti-en-deuxieme-periode\/","title":{"rendered":"Pros : Premier League : West Ham manque une belle opportunit\u00e9 face \u00e0 Fulham. Benrahma sorti en deuxi\u00e8me p\u00e9riode"},"content":{"rendered":"<div readability=\"32\">\n<p>Auteur : <span class=\"time\">samedi 06 f\u00e9vrier 2021 20:43<\/span><\/p>\n<\/div>\n<div id=\"post_core\" readability=\"45\">\n<p>Pour le compte de la 23\u00e8me journ\u00e9e de Premier League, Fulham, 18\u00e8me et premier rel\u00e9gable recevait le surprenant 5\u00e8me du championnat anglais West Ham \u00e0 Craven Cottage. Match compliqu\u00e9 pour les Cottagers dans la course au maintien face \u00e0 un pr\u00e9tendant \u00e0 l\u2019Europe qui avait la possibilit\u00e9 de passer devant Liverpool au classement. Malgr\u00e9 une premi\u00e8re p\u00e9riode int\u00e9ressante de Fulham, pas de but au moment de filer aux vestiaires comme l&rsquo;indique Footmercato.<\/p>\n<p>Aucun but non plus en seconde p\u00e9riode, 0-0 score final. Seul fait du match, l\u2019exclusion en fin de match de Soucek (96e). Bonne op\u00e9ration pour les joueurs de Scott Parker qui prennent un point important pour le maintien. La bonne s\u00e9rie de West Ham s\u2019ach\u00e8ve et les Hammers loupent la possibilit\u00e9 de monter \u00e0 la 4\u00e8me place.<\/p>\n<p><strong>Publi\u00e9 dans :<\/strong> <span>West Ham<\/span><\/p>\n<\/div>\n<p>Auteur:<br \/>\n<a href=\"http:\/\/www.lebuteur.com\/article\/detail?titre=premier-league-west-ham-manque-une-belle-opportunite-face-a-fulham-benrahma-sorti-en-deuxieme-periode&#038;id=98982&#038;utm_source=feedburner&#038;utm_medium=feed&#038;utm_campaign=Feed%3A+GalerieFArtciles+%28Les+derniers+articles++-+lebuteur.com%29\">Cliquez ici pour lire l&rsquo;article depuis sa source.<\/a><\/p>\n","protected":false},"excerpt":{"rendered":"<p>Auteur : samedi 06 f\u00e9vrier 2021 20:43 Pour le compte de la 23\u00e8me journ\u00e9e de Premier League, Fulham, 18\u00e8me et premier rel\u00e9gable recevait le surprenant 5\u00e8me du championnat anglais West Ham \u00e0 Craven Cottage. Match compliqu\u00e9 pour les Cottagers dans la course au maintien face \u00e0 un pr\u00e9tendant \u00e0 l\u2019Europe qui avait la possibilit\u00e9 de [&hellip;]<\/p>\n","protected":false},"author":1738,"featured_media":0,"comment_status":"closed","ping_status":"closed","sticky":false,"template":"","format":"standard","meta":{"fifu_image_url":"\/\/cdn.lebuteur.com\/data\/images\/article\/thumbs\/large-premier-league-west-ham-manque-une-belle-opportunite-face-a-fulham-benrahma-sorti-en-deuxieme-periode-d5109.jpg","fifu_image_alt":"Pros : Premier League : West Ham manque une belle opportunit\u00e9 face \u00e0 Fulham. Benrahma sorti en deuxi\u00e8me p\u00e9riode","footnotes":""},"categories":[53,75],"tags":[],"class_list":["post-110716","post","type-post","status-publish","format-standard","hentry","category-algerie","category-sport"],"_links":{"self":[{"href":"https:\/\/linitiative.ca\/International\/wp-json\/wp\/v2\/posts\/110716","targetHints":{"allow":["GET"]}}],"collection":[{"href":"https:\/\/linitiative.ca\/International\/wp-json\/wp\/v2\/posts"}],"about":[{"href":"https:\/\/linitiative.ca\/International\/wp-json\/wp\/v2\/types\/post"}],"author":[{"embeddable":true,"href":"https:\/\/linitiative.ca\/International\/wp-json\/wp\/v2\/users\/1738"}],"replies":[{"embeddable":true,"href":"https:\/\/linitiative.ca\/International\/wp-json\/wp\/v2\/comments?post=110716"}],"version-history":[{"count":0,"href":"https:\/\/linitiative.ca\/International\/wp-json\/wp\/v2\/posts\/110716\/revisions"}],"wp:attachment":[{"href":"https:\/\/linitiative.ca\/International\/wp-json\/wp\/v2\/media?parent=110716"}],"wp:term":[{"taxonomy":"category","embeddable":true,"href":"https:\/\/linitiative.ca\/International\/wp-json\/wp\/v2\/categories?post=110716"},{"taxonomy":"post_tag","embeddable":true,"href":"https:\/\/linitiative.ca\/International\/wp-json\/wp\/v2\/tags?post=110716"}],"curies":[{"name":"wp","href":"https:\/\/api.w.org\/{rel}","templated":true}]}}