{"id":110721,"date":"2021-02-06T04:30:00","date_gmt":"2021-02-06T09:30:00","guid":{"rendered":"https:\/\/linitiative.ca\/International\/riadh-zghal-comment-sortir-de-limpasse-quand-les-institutions-deviennent-toxiques\/"},"modified":"2021-02-06T04:30:00","modified_gmt":"2021-02-06T09:30:00","slug":"riadh-zghal-comment-sortir-de-limpasse-quand-les-institutions-deviennent-toxiques","status":"publish","type":"post","link":"https:\/\/linitiative.ca\/International\/riadh-zghal-comment-sortir-de-limpasse-quand-les-institutions-deviennent-toxiques\/","title":{"rendered":"Riadh Zghal: Comment sortir de l\u2019impasse quand les institutions deviennent toxiques?"},"content":{"rendered":"<p class=\"c2\"><strong>Dans un article intitul\u00e9 \u00ab<a href=\"https:\/\/www.leaders.com.tn\/article\/22524-diversite-cohesion-et-conflictualite-sociales-que-peuvent-le-politique-et-l-acteur-social-pour-eviter-l-implosion-sociale\" target=\"_blank\" rel=\"noopener\">Diversit\u00e9, coh\u00e9sion et conflictualit\u00e9 sociales. Que peut le politique et l\u2019acteur social pour \u00e9viter l\u2019implosion sociale<\/a>\u00bb publi\u00e9 en juin 2017 par Leaders, j\u2019avais relev\u00e9 l\u2019\u00e9mergence de solidarit\u00e9s \u00ab \u00e9triqu\u00e9es \u00bb mues par des int\u00e9r\u00eats corporatistes, ceux de certaines structures sociales traditionnelles ou d\u2019appartenances id\u00e9ologiques, toutes renfermaient des ingr\u00e9dients de culpabilisation, voire de rejet de l\u2019autre. J\u2019avais \u00e9crit : <em>\u00ab\u2026 on assiste \u00e0 une superposition, sans s\u2019annuler, des valeurs traditionnelles, des id\u00e9ologies politiques, des attitudes r\u00e9gionalistes, une bouillie de variables qui sous-tendent des solidarit\u00e9s multiples tout en nourrissant les conflictualit\u00e9s dormantes qui attendent l\u2019\u00e9tincelle qui fera \u00e9clater la violence.\u00bb<\/em><\/strong><\/p>\n<p class=\"c3\">En fait, je m\u2019\u00e9tais tromp\u00e9e en parlant d\u2019\u00e9tincelle, c\u2019\u00e9tait mal appr\u00e9cier les capacit\u00e9s de r\u00e9silience et de patience du peuple tunisien. Et voil\u00e0 que cette mi-janvier 2021 voit \u00e9clater la violence dans diverses r\u00e9gions et particuli\u00e8rement les localit\u00e9s mal loties, celles qui pr\u00e9sentent un indice de d\u00e9veloppement r\u00e9gional, tel qu\u2019\u00e9tabli par l\u2019Institut tunisien de la comp\u00e9titivit\u00e9 et des \u00e9tudes quantitatives (Itceq) parmi les plus faibles.<\/p>\n<p class=\"c3\">Les mouvements de r\u00e9volte et de violence sont rapport\u00e9s \u00e0 plus d\u2019un facteur. En revanche, force est de reconna\u00eetre que ce sont les institutions politiques qui se sont av\u00e9r\u00e9es toxiques du fait qu\u2019elles ont rajout\u00e9 au d\u00e9sarroi une couche apr\u00e8s l\u2019autre sur le sol si fertile d\u2019un appauvrissement qui dure depuis dix ans, face \u00e0 l\u2019enrichissement d\u2019une frange d\u2019anciens militants contre l\u2019ancien r\u00e9gime \u00ab indemnis\u00e9s \u00bb, de lobbyistes qui p\u00e8sent de tout leur poids financier pour emp\u00eacher le vote de r\u00e9formes qui font bouger les lignes, et d\u2019autres professionnels du commerce informel, de l\u2019extorsion, bref de la corruption \u00e0 tous les niveaux. La col\u00e8re sociale se nourrit ainsi de plus d\u2019une source en plus de la d\u00e9gradation des conditions de vie &#8211; la d\u00e9ception est \u00e0 la mesure des espoirs \u00e9normes n\u00e9s du soul\u00e8vement de 2011. Parmi ces sources, un parlement qui donne l\u2019exemple de la violence \u2013 d\u2019abord verbale puis physique &#8211; diffus\u00e9e sur une cha\u00eene de t\u00e9l\u00e9vision nationale et reprise en boucle par les nombreux autres m\u00e9dias dont les r\u00e9seaux sociaux ; des d\u00e9put\u00e9s loin d\u2019\u00eatre innocents se posent en inquisiteurs, \u00e0 chacun ses sorci\u00e8res bien que le r\u00e9sultat soit le m\u00eame: soit un remaniement minist\u00e9riel, soit un gouvernement entier qui tombe parfois quelques mois seulement apr\u00e8s son installation; un parlement pr\u00e9sid\u00e9 par une personne en chute vertigineuse dans les sondages ; un pr\u00e9sident de la R\u00e9publique qui parle de complots que \u00abcertains\u00bb (dont l\u2019identit\u00e9 n\u2019\u00e0 jamais \u00e9t\u00e9 d\u00e9voil\u00e9e) \u00abtissent dans des salles obscures\u00bb ; un syndicat qui ne s\u2019occupe que des employ\u00e9s revendiquant sans cesse des augmentations de salaire souvent \u00e0 coups de gr\u00e8ves allant jusqu\u2019\u00e0 prendre l\u2019\u00e9ducation des enfants en otage; des corps de m\u00e9tiers qui s\u2019installent eux aussi dans des gr\u00e8ves, celle des magistrats a dur\u00e9 plus d\u2019un mois\u2026Pendant ce temps, des ch\u00f4meurs d\u00e9sempar\u00e9s, dipl\u00f4m\u00e9s ou non, bloquent la production l\u00e0 o\u00f9 \u00e7a fait mal \u00e0 l\u2019\u00e9conomie nationale, s\u2019installent en sit-in durables dans les locaux de l\u2019administration publique\u2026Que reste-t-il alors de la coh\u00e9sion sociale ? Quel liant social reste-t-il quand la confiance en l\u2019Etat et ses institutions s\u2019en va ? Les manifestants de cette mi-janvier 2021 appellent \u00e0 dissoudre le parlement, d\u2019autres politiciens proposent de remettre le pouvoir \u00e0 l\u2019arm\u00e9e, la seule institution d\u2019ailleurs, qui, selon plusieurs enqu\u00eates, b\u00e9n\u00e9ficie encore de confiance.<\/p>\n<p class=\"c3\">Serait-ce la fin de l\u2019espoir en la r\u00e9volution, autrement dit l\u2019\u00e9chec de la nation \u00e0 passer du soul\u00e8vement au v\u00e9ritable changement du syst\u00e8me politique, \u00e9conomique, social, culturel\u2026 et \u00e0 cr\u00e9er de meilleures conditions de vie pour le Tunisien ?<\/p>\n<p class=\"c3\">Dans cette soci\u00e9t\u00e9 travers\u00e9e par des solidarit\u00e9s \u00e9troites, l\u2019individualisme, les conflictualit\u00e9s id\u00e9ologiques et d\u2019int\u00e9r\u00eat, il reste l\u2019Etat qui devrait \u0153uvrer pour assurer une coh\u00e9sion nationale et veiller sur la pr\u00e9servation d\u2019un socle commun d\u2019int\u00e9r\u00eats nationaux partag\u00e9s. Cela n\u2019est pas possible sans une forte connexion de l\u2019Etat avec la soci\u00e9t\u00e9. Aujourd\u2019hui la soci\u00e9t\u00e9 ne se reconna\u00eet plus dans les institutions de l\u2019Etat suppos\u00e9 incarner l\u2019autorit\u00e9 l\u00e9gitime qui applique la loi et veille \u00e0 la sauvegarde de l\u2019int\u00e9r\u00eat g\u00e9n\u00e9ral. Mais tout n\u2019est pas perdu. Il y a encore moyen pour l\u2019Etat de se reconnecter \u00e0 la soci\u00e9t\u00e9, s\u2019il fait une lecture objective de la r\u00e9alit\u00e9 loin des miroirs d\u00e9formants des id\u00e9ologies et des int\u00e9r\u00eats particuliers, dans le but de mettre en \u00e9vidence le commun national qui unit le sommet \u00e0 la base du tissu social.<\/p>\n<p class=\"c3\">Il est question aujourd\u2019hui de coh\u00e9sion sociale qui concerne l\u2019ensemble des habitants \u00e0 l\u2019int\u00e9rieur des fronti\u00e8res du pays. L\u2019enjeu est celui du vivre-ensemble dans un cadre institutionnel o\u00f9 la r\u00e9gulation des comportements s\u2019appuie \u00e0 la fois sur les valeurs et les normes sociales et sur un ensemble de lois et de proc\u00e9dures \u00e9tablies que certains organes du pouvoir sont tenus d\u2019appliquer sans distinction, et d\u2019autres organes d\u2019en contr\u00f4ler l\u2019application.<\/p>\n<p class=\"c3\">Il est urgent que le gouvernement joue son r\u00f4le de liant national. Il se doit d\u2019informer sur la v\u00e9rit\u00e9 de la situation, sur son plan d\u2019action, sur ce qu\u2019il est possible de r\u00e9aliser \u00e0 court, moyen et long terme, et sur ce qu\u2019il n\u2019est pas possible d\u2019entreprendre dans l\u2019imm\u00e9diat. Il faudra aller au-del\u00e0 de la d\u00e9mocratie repr\u00e9sentative et mobiliser les intelligences collectives, celles des cat\u00e9gories laiss\u00e9es pour compte et plus particuli\u00e8rement les jeunes sans emploi et sans horizons. Car il faut admettre que ces sans-emploi ne sont pas d\u00e9pourvus d\u2019imagination si on les sollicite pour identifier ce qui bloque l\u2019initiative et ce que seront les futurs possibles. Les partis devraient aussi \u00eatre sollicit\u00e9s pour contribuer \u00e0 la d\u00e9termination des urgences, l\u2019\u00e9tablissement de plans d\u2019action locaux et nationaux, l\u2019accompagnement des acteurs dans leur r\u00e9alisation. Ce sera pour eux l\u2019occasion de montrer qu\u2019ils sont utiles et de r\u00e9duire la d\u00e9saffection g\u00e9n\u00e9rale qui les frappe.<\/p>\n<p class=\"c3\">Il faudra d\u00e9lib\u00e9rer \u00e0 plus d\u2019un niveau, de la base au sommet, fixer les priorit\u00e9s de l\u2019action, responsabiliser, g\u00e9n\u00e9rer une coh\u00e9sion autour d\u2019objectifs nationaux \u00e0 r\u00e9aliser, quitte \u00e0 accepter des sacrifices en vue d\u2019un avenir meilleur. Bref, couper avec l\u2019immobilisme et cr\u00e9er une dynamique mobilisatrice. Car r\u00e9ussir l\u2019impl\u00e9mentation des changements programm\u00e9s n\u00e9cessite l\u2019engagement du plus grand nombre.<\/p>\n<p class=\"c3\">C\u2019est pourquoi, pour g\u00e9n\u00e9rer une telle dynamique, le gouvernement a besoin davantage de comp\u00e9tences que d\u2019all\u00e9geances. Le parlement, pour sa part, devra garder \u00e0 l\u2019esprit l\u2019appel des manifestants \u00e0 sa dissolution et, par cons\u00e9quent, s\u2019exposer moins au regard du public tant qu\u2019il est incapable de lui offrir l\u2019image d\u00e9cente qu\u2019il aimerait voir. On attend du pr\u00e9sident de la R\u00e9publique qu\u2019il d\u00e9voile les comploteurs auxquels il ne cesse de faire allusion et qu\u2019il prenne les mesures en son pouvoir aidant \u00e0 assainir le climat politique.<\/p>\n<p class=\"c4\"><strong>Riadh Zghal<\/strong><\/p>\n<p>Auteur:<br \/>\n<a href=\"https:\/\/www.leaders.com.tn\/article\/31386-riadh-zghal-comment-sortir-de-l-impasse-quand-les-institutions-deviennent-toxiques\">Cliquez ici pour lire l&rsquo;article depuis sa source.<\/a><\/p>\n","protected":false},"excerpt":{"rendered":"<p>Dans un article intitul\u00e9 \u00abDiversit\u00e9, coh\u00e9sion et conflictualit\u00e9 sociales. Que peut le politique et l\u2019acteur social pour \u00e9viter l\u2019implosion sociale\u00bb publi\u00e9 en juin 2017 par Leaders, j\u2019avais relev\u00e9 l\u2019\u00e9mergence de solidarit\u00e9s \u00ab \u00e9triqu\u00e9es \u00bb mues par des int\u00e9r\u00eats corporatistes, ceux de certaines structures sociales traditionnelles ou d\u2019appartenances id\u00e9ologiques, toutes renfermaient des ingr\u00e9dients de culpabilisation, voire [&hellip;]<\/p>\n","protected":false},"author":1772,"featured_media":0,"comment_status":"closed","ping_status":"closed","sticky":false,"template":"","format":"standard","meta":{"fifu_image_url":"","fifu_image_alt":"","footnotes":""},"categories":[73,55],"tags":[],"class_list":["post-110721","post","type-post","status-publish","format-standard","hentry","category-actualite","category-tunisie"],"_links":{"self":[{"href":"https:\/\/linitiative.ca\/International\/wp-json\/wp\/v2\/posts\/110721","targetHints":{"allow":["GET"]}}],"collection":[{"href":"https:\/\/linitiative.ca\/International\/wp-json\/wp\/v2\/posts"}],"about":[{"href":"https:\/\/linitiative.ca\/International\/wp-json\/wp\/v2\/types\/post"}],"author":[{"embeddable":true,"href":"https:\/\/linitiative.ca\/International\/wp-json\/wp\/v2\/users\/1772"}],"replies":[{"embeddable":true,"href":"https:\/\/linitiative.ca\/International\/wp-json\/wp\/v2\/comments?post=110721"}],"version-history":[{"count":0,"href":"https:\/\/linitiative.ca\/International\/wp-json\/wp\/v2\/posts\/110721\/revisions"}],"wp:attachment":[{"href":"https:\/\/linitiative.ca\/International\/wp-json\/wp\/v2\/media?parent=110721"}],"wp:term":[{"taxonomy":"category","embeddable":true,"href":"https:\/\/linitiative.ca\/International\/wp-json\/wp\/v2\/categories?post=110721"},{"taxonomy":"post_tag","embeddable":true,"href":"https:\/\/linitiative.ca\/International\/wp-json\/wp\/v2\/tags?post=110721"}],"curies":[{"name":"wp","href":"https:\/\/api.w.org\/{rel}","templated":true}]}}