{"id":110723,"date":"2021-02-06T05:00:00","date_gmt":"2021-02-06T10:00:00","guid":{"rendered":"https:\/\/linitiative.ca\/International\/une-ecole-superieure-pour-le-patrimoine\/"},"modified":"2021-02-06T05:00:00","modified_gmt":"2021-02-06T10:00:00","slug":"une-ecole-superieure-pour-le-patrimoine","status":"publish","type":"post","link":"https:\/\/linitiative.ca\/International\/une-ecole-superieure-pour-le-patrimoine\/","title":{"rendered":"Une \u00e9cole sup\u00e9rieure pour le patrimoine"},"content":{"rendered":"<p class=\"c4\">L\u2019Ecole nationale de conservation et de restauration des biens culturels de Tipasa vient d\u2019\u00eatre promue au rang d\u2019\u00e9cole sup\u00e9rieure. Le d\u00e9cret sign\u00e9 \u00e0 cet effet par le Premier ministre donne une nouvelle dimension \u00e0 cette importante structure qui est appel\u00e9e \u00e0 jouer un r\u00f4le pivot dans la pr\u00e9servation de notre patrimoine culturel et historique. Plusieurs minist\u00e8res si\u00e9geront d\u2019ailleurs dans son conseil d\u2019administration, \u00e0 l\u2019image de ceux de la D\u00e9fense, de l\u2019Int\u00e9rieur, des Moudjahidine, du Tourisme, des Start-up, etc.<\/p>\n<p>Auteur:<br \/>\n<a href=\"https:\/\/www.lesoirdalgerie.com\/periscoop\/une-ecole-superieure-pour-le-patrimoine-55826\">Cliquez ici pour lire l&rsquo;article depuis sa source.<\/a><\/p>\n","protected":false},"excerpt":{"rendered":"<p>L\u2019Ecole nationale de conservation et de restauration des biens culturels de Tipasa vient d\u2019\u00eatre promue au rang d\u2019\u00e9cole sup\u00e9rieure. Le d\u00e9cret sign\u00e9 \u00e0 cet effet par le Premier ministre donne une nouvelle dimension \u00e0 cette importante structure qui est appel\u00e9e \u00e0 jouer un r\u00f4le pivot dans la pr\u00e9servation de notre patrimoine culturel et historique. Plusieurs [&hellip;]<\/p>\n","protected":false},"author":1741,"featured_media":0,"comment_status":"closed","ping_status":"closed","sticky":false,"template":"","format":"standard","meta":{"fifu_image_url":"","fifu_image_alt":"","footnotes":""},"categories":[73,53],"tags":[],"class_list":["post-110723","post","type-post","status-publish","format-standard","hentry","category-actualite","category-algerie"],"_links":{"self":[{"href":"https:\/\/linitiative.ca\/International\/wp-json\/wp\/v2\/posts\/110723","targetHints":{"allow":["GET"]}}],"collection":[{"href":"https:\/\/linitiative.ca\/International\/wp-json\/wp\/v2\/posts"}],"about":[{"href":"https:\/\/linitiative.ca\/International\/wp-json\/wp\/v2\/types\/post"}],"author":[{"embeddable":true,"href":"https:\/\/linitiative.ca\/International\/wp-json\/wp\/v2\/users\/1741"}],"replies":[{"embeddable":true,"href":"https:\/\/linitiative.ca\/International\/wp-json\/wp\/v2\/comments?post=110723"}],"version-history":[{"count":0,"href":"https:\/\/linitiative.ca\/International\/wp-json\/wp\/v2\/posts\/110723\/revisions"}],"wp:attachment":[{"href":"https:\/\/linitiative.ca\/International\/wp-json\/wp\/v2\/media?parent=110723"}],"wp:term":[{"taxonomy":"category","embeddable":true,"href":"https:\/\/linitiative.ca\/International\/wp-json\/wp\/v2\/categories?post=110723"},{"taxonomy":"post_tag","embeddable":true,"href":"https:\/\/linitiative.ca\/International\/wp-json\/wp\/v2\/tags?post=110723"}],"curies":[{"name":"wp","href":"https:\/\/api.w.org\/{rel}","templated":true}]}}