{"id":110724,"date":"2021-02-06T05:00:00","date_gmt":"2021-02-06T10:00:00","guid":{"rendered":"https:\/\/linitiative.ca\/International\/linstruction-de-beldjoud\/"},"modified":"2021-02-06T05:00:00","modified_gmt":"2021-02-06T10:00:00","slug":"linstruction-de-beldjoud","status":"publish","type":"post","link":"https:\/\/linitiative.ca\/International\/linstruction-de-beldjoud\/","title":{"rendered":"L\u2019instruction de Beldjoud"},"content":{"rendered":"<p class=\"c4\">Pr\u00e8s de trois mois apr\u00e8s la r\u00e9ouverture des \u00e9tablissements scolaires, beaucoup de cantines restent toujours ferm\u00e9es. Les chefs d\u2019\u00e9tablissements mais \u00e9galement les collectivit\u00e9s locales, en ce qui concerne les \u00e9coles primaires, expliquent cette fermeture par la situation sanitaire. Un argument que le minist\u00e8re de l&rsquo;Int\u00e9rieur ne trouve pas convaincant, appelant \u00e0 l&rsquo;ouverture de toutes les cantines dans les plus brefs d\u00e9lais.<\/p>\n<p>Auteur:<br \/>\n<a href=\"https:\/\/www.lesoirdalgerie.com\/periscoop\/linstruction-de-beldjoud-55825\">Cliquez ici pour lire l&rsquo;article depuis sa source.<\/a><\/p>\n","protected":false},"excerpt":{"rendered":"<p>Pr\u00e8s de trois mois apr\u00e8s la r\u00e9ouverture des \u00e9tablissements scolaires, beaucoup de cantines restent toujours ferm\u00e9es. Les chefs d\u2019\u00e9tablissements mais \u00e9galement les collectivit\u00e9s locales, en ce qui concerne les \u00e9coles primaires, expliquent cette fermeture par la situation sanitaire. Un argument que le minist\u00e8re de l&rsquo;Int\u00e9rieur ne trouve pas convaincant, appelant \u00e0 l&rsquo;ouverture de toutes les [&hellip;]<\/p>\n","protected":false},"author":1741,"featured_media":0,"comment_status":"closed","ping_status":"closed","sticky":false,"template":"","format":"standard","meta":{"fifu_image_url":"","fifu_image_alt":"","footnotes":""},"categories":[73,53],"tags":[],"class_list":["post-110724","post","type-post","status-publish","format-standard","hentry","category-actualite","category-algerie"],"_links":{"self":[{"href":"https:\/\/linitiative.ca\/International\/wp-json\/wp\/v2\/posts\/110724","targetHints":{"allow":["GET"]}}],"collection":[{"href":"https:\/\/linitiative.ca\/International\/wp-json\/wp\/v2\/posts"}],"about":[{"href":"https:\/\/linitiative.ca\/International\/wp-json\/wp\/v2\/types\/post"}],"author":[{"embeddable":true,"href":"https:\/\/linitiative.ca\/International\/wp-json\/wp\/v2\/users\/1741"}],"replies":[{"embeddable":true,"href":"https:\/\/linitiative.ca\/International\/wp-json\/wp\/v2\/comments?post=110724"}],"version-history":[{"count":0,"href":"https:\/\/linitiative.ca\/International\/wp-json\/wp\/v2\/posts\/110724\/revisions"}],"wp:attachment":[{"href":"https:\/\/linitiative.ca\/International\/wp-json\/wp\/v2\/media?parent=110724"}],"wp:term":[{"taxonomy":"category","embeddable":true,"href":"https:\/\/linitiative.ca\/International\/wp-json\/wp\/v2\/categories?post=110724"},{"taxonomy":"post_tag","embeddable":true,"href":"https:\/\/linitiative.ca\/International\/wp-json\/wp\/v2\/tags?post=110724"}],"curies":[{"name":"wp","href":"https:\/\/api.w.org\/{rel}","templated":true}]}}