{"id":110725,"date":"2021-02-06T05:00:00","date_gmt":"2021-02-06T10:00:00","guid":{"rendered":"https:\/\/linitiative.ca\/International\/allez-en-paix-les-imams-ont-tranche\/"},"modified":"2021-02-06T05:00:00","modified_gmt":"2021-02-06T10:00:00","slug":"allez-en-paix-les-imams-ont-tranche","status":"publish","type":"post","link":"https:\/\/linitiative.ca\/International\/allez-en-paix-les-imams-ont-tranche\/","title":{"rendered":"Allez en paix, les imams ont tranch\u00e9 !"},"content":{"rendered":"<p class=\"c4\">Et surtout, qu\u2019aucun acteur potentiel ne\u00a0 s\u2019oppose \u00e0 leurs saintes paroles. Les petits esprits qui ne savent pas r\u00e9fl\u00e9chir par eux-m\u00eames et qui ont besoin d\u2019y \u00eatre autoris\u00e9s veillent \u00e0 faire respecter tout verdict \u00e9manant de la noble autorit\u00e9 qui alimente la spiritualit\u00e9 m\u00eame si elle est coupable de l\u2019empoisonner. Est-ce qu\u2019user de mots avec la certitude qu\u2019ils vont illuminer le discours et lui donner de la teneur peut suffire ?\u00a0<br \/>A l\u2019allure o\u00f9 l\u2019on va, il faudra bient\u00f4t attendre que le plus anodin de nos gestes soit b\u00e9ni par les Affaires religieuses pour s\u2019autoriser \u00e0 aller de l\u2019avant. Je disais pr\u00e9c\u00e9demment qu\u2019on avait confi\u00e9 \u00e0 nos imams en fonction\u00a0 un r\u00f4le compl\u00e9mentaire \u00e0 celui de consulter le ciel \u00e9pisodiquement. Comme celui d\u2019approuver l\u2019importation de vaccins anti-Covid.<br \/>\u00a0En rassurant sur la composition licite du traitement, nos experts en halal\/haram font d\u2019une pierre deux coups. Ils remettent \u00e0 sa place une m\u00e9decine hypoth\u00e9tiquement ignorante de la d\u00e9pendance qu\u2019elle se doit de cultiver \u00e0 l\u2019\u00e9gard des recommandations religieuses et reprennent en main, par ailleurs, ceux qui s\u2019\u00e9carteraient de ce que leur islam, \u00e0 eux, exige comme soumission. En l\u2019occurrence de s\u2019en remettre \u00e0 des mentors promus \u00e0 cet effet. Lorsque des hommes, pay\u00e9s pour faire de la religion une raison de marcher droit\u00a0 s\u2019en m\u00ealent, cela veut dire que l\u2019on n\u2019est pas encore aptes \u00e0 progresser de fa\u00e7on ind\u00e9pendante.\u00a0 Depuis que Bouteflika, qui a d\u00e9teint sur les opportunistes \u00e9voluant \u00e0 la p\u00e9riph\u00e9rie du pouvoir, a d\u00e9cid\u00e9 qu\u2019il lui fallait pour un oui ou pour un non la b\u00e9n\u00e9diction des religieux, on n\u2019a plus pu respirer sans que celui \u00e9lev\u00e9 presque au rang d\u2019ayatollah fasse valoir le point de vue de l\u2019autorit\u00e9 religieuse.\u00a0<br \/>Chez nous, on ne sait pas aller sans autorit\u00e9, qu\u2019elle soit religieuse ou d\u2019un tout autre genre. Je me souviens du r\u00f4le de censeur jou\u00e9, le 1er avril dernier, par un \u00abcomit\u00e9 des fatwas\u00bb. Ce dernier avait qualifi\u00e9 d\u2019illicite\u00a0 la fa\u00e7on dont la presse distillait les informations sur la pand\u00e9mie et avait s\u00e9v\u00e8rement alert\u00e9 sur le r\u00f4le nuisible jou\u00e9 par cette derni\u00e8re qui, selon lui, alimentait la rumeur plus qu\u2019elle n\u2019aidait \u00e0 contr\u00f4ler la panique.\u00a0\u00a0<br \/><em><strong>M. B.\u00a0<\/strong><\/em><\/p>\n<p>Auteur:<br \/>\n<a href=\"https:\/\/www.lesoirdalgerie.com\/soit-dit-en-passant\/allez-en-paix-les-imams-ont-tranche-55824\">Cliquez ici pour lire l&rsquo;article depuis sa source.<\/a><\/p>\n","protected":false},"excerpt":{"rendered":"<p>Et surtout, qu\u2019aucun acteur potentiel ne\u00a0 s\u2019oppose \u00e0 leurs saintes paroles. Les petits esprits qui ne savent pas r\u00e9fl\u00e9chir par eux-m\u00eames et qui ont besoin d\u2019y \u00eatre autoris\u00e9s veillent \u00e0 faire respecter tout verdict \u00e9manant de la noble autorit\u00e9 qui alimente la spiritualit\u00e9 m\u00eame si elle est coupable de l\u2019empoisonner. Est-ce qu\u2019user de mots avec [&hellip;]<\/p>\n","protected":false},"author":1741,"featured_media":0,"comment_status":"closed","ping_status":"closed","sticky":false,"template":"","format":"standard","meta":{"fifu_image_url":"","fifu_image_alt":"","footnotes":""},"categories":[73,53],"tags":[],"class_list":["post-110725","post","type-post","status-publish","format-standard","hentry","category-actualite","category-algerie"],"_links":{"self":[{"href":"https:\/\/linitiative.ca\/International\/wp-json\/wp\/v2\/posts\/110725","targetHints":{"allow":["GET"]}}],"collection":[{"href":"https:\/\/linitiative.ca\/International\/wp-json\/wp\/v2\/posts"}],"about":[{"href":"https:\/\/linitiative.ca\/International\/wp-json\/wp\/v2\/types\/post"}],"author":[{"embeddable":true,"href":"https:\/\/linitiative.ca\/International\/wp-json\/wp\/v2\/users\/1741"}],"replies":[{"embeddable":true,"href":"https:\/\/linitiative.ca\/International\/wp-json\/wp\/v2\/comments?post=110725"}],"version-history":[{"count":0,"href":"https:\/\/linitiative.ca\/International\/wp-json\/wp\/v2\/posts\/110725\/revisions"}],"wp:attachment":[{"href":"https:\/\/linitiative.ca\/International\/wp-json\/wp\/v2\/media?parent=110725"}],"wp:term":[{"taxonomy":"category","embeddable":true,"href":"https:\/\/linitiative.ca\/International\/wp-json\/wp\/v2\/categories?post=110725"},{"taxonomy":"post_tag","embeddable":true,"href":"https:\/\/linitiative.ca\/International\/wp-json\/wp\/v2\/tags?post=110725"}],"curies":[{"name":"wp","href":"https:\/\/api.w.org\/{rel}","templated":true}]}}