{"id":110727,"date":"2021-02-06T02:48:13","date_gmt":"2021-02-06T07:48:13","guid":{"rendered":"https:\/\/linitiative.ca\/International\/de-la-guerre-du-feu-a-la-guerre-des-vaccins\/"},"modified":"2021-02-06T02:48:13","modified_gmt":"2021-02-06T07:48:13","slug":"de-la-guerre-du-feu-a-la-guerre-des-vaccins","status":"publish","type":"post","link":"https:\/\/linitiative.ca\/International\/de-la-guerre-du-feu-a-la-guerre-des-vaccins\/","title":{"rendered":"De la \u00ab guerre du feu \u00bb \u00e0 la \u00ab guerre des vaccins \u00bb"},"content":{"rendered":"<p><strong>L\u2019\u00eatre humain actuel est-il si diff\u00e9rent de l\u2019\u00eatre humain des temps pr\u00e9historiques\u00a0? Plusieurs religions, cultures, civilisations furent invent\u00e9es pour \u00ab\u00a0d\u00e9sanimaliser\u00a0\u00bb l\u2019humain, l\u2019\u00a0\u00ab\u00a0expurger\u00a0\u00bb de cette \u00ab\u00a0animalit\u00e9\u00a0\u00bb intrins\u00e8que qui dort en chacun de nous profond\u00e9ment. Est-ce la \u00ab\u00a0peur de la mort\u00a0\u00bb qui r\u00e9veille cet instinct et ressuscite cette \u00ab\u00a0animalit\u00e9\u00a0\u00bb que l\u2019on croyait loin derri\u00e8re nous\u00a0?<\/strong><\/p>\n<div class=\"c10\"\/>\n<p>Les progr\u00e8s scientifiques avancent. La solidarit\u00e9 humaine recule. En fait, le mode actuel de distribution des vaccins dans le monde est ins\u00e9parable d\u2019une r\u00e9alit\u00e9 qui s\u2019est d\u00e9velopp\u00e9e au cours des derni\u00e8res d\u00e9cennies, pour soumettre la sant\u00e9 humaine \u00e0 la logique marchande, devenue ainsi \u00ab\u00a0marchandise\u00a0\u00bb, comme n\u2019importe quel autre bien ou service marchand. Cette logique actuellement r\u00e9pandue dans le monde fait que ce sont d\u2019abord les pays riches et puissants qui sont en train de s\u2019accaparer les premiers stocks de vaccins produits. Le \u00ab\u00a0protectionnisme\u00a0vaccinal \u00bb est actuellement cette expression profonde de la r\u00e9gression qu\u2019a connue le monde, en mati\u00e8re de solidarit\u00e9 internationale.<\/p>\n<p><strong>Lire aussi| <a href=\"https:\/\/www.challenge.ma\/marche-des-vehicules-neufs-auto-hall-voit-ses-ventes-progresser-en-2020-174341\/\">March\u00e9 des v\u00e9hicules neufs : Auto Hall voit ses ventes progresser en 2020<\/a><\/strong><\/p>\n<p>Ainsi Ursula Von der Leyen, pr\u00e9sidente de la Commission europ\u00e9enne, sous l\u2019impulsion de la chanceli\u00e8re allemande, Angela Merkel, s\u2019appr\u00eate \u00e0 faire adopter un texte visant \u00e0 soumettre l\u2019exportation vers des pays tiers des vaccins anti-Covi-19, \u00e0 une proc\u00e9dure d\u2019autorisation nationale pr\u00e9alable. C\u2019est aussi le cas des Etats Unis d\u2019Am\u00e9rique o\u00f9 Trump, avant m\u00eame son d\u00e9part, avait sign\u00e9 un d\u00e9cret accordant la priorit\u00e9 \u00e0 son pays dans l\u2019acquisition des vaccins produits. Le Canada a aussi suivi l\u2019exemple. Face \u00e0 ce \u00ab\u00a0nationalisme vaccinal\u00a0\u00bb, l\u2019\u00a0\u00ab\u00a0Alliance des peuples pour les vaccins\u00a0\u00bb, qui regroupe Oxfam, Amnesty et l\u2019organisation World Justice, confirme ce constat, en affirmant que les pays riches ont d\u00e9j\u00e0 achet\u00e9 une quantit\u00e9 de doses de vaccins suffisantes pour vacciner 3 fois leurs populations, et m\u00eame 5 fois pour le Canada.<\/p>\n<p><strong>Lire aussi| <a href=\"https:\/\/www.challenge.ma\/maroc-israel-place-au-business-174291\/\">Maroc-Isra\u00ebl : place au business<\/a><\/strong><\/p>\n<p>Les populations des pays riches qui repr\u00e9sentent 14% de la population mondiale, se sont d\u00e9j\u00e0 accapar\u00e9es de plus de 80% des doses de vaccins fabriqu\u00e9es dans le monde. L\u2019OMS a mis en place un programme d\u00e9nomm\u00e9 COVAX pour la vaccination des populations des pays pauvres. L\u2019Assembl\u00e9e g\u00e9n\u00e9rale de l\u2019ONU a m\u00eame vot\u00e9 une r\u00e9solution, d\u00e8s le mois d\u2019avril 2020, pour adopter le concept d\u2019\u00a0\u00ab\u00a0int\u00e9r\u00eat public mondial\u00a0\u00bb, applicable aux vaccins anti-Covid-19. Mais le programme COVAX exige, pour l\u2019ann\u00e9e 2021, un financement de 23 milliards de dollars. Et les pays riches sont actuellement trop occup\u00e9s et voient ailleurs. \u00a0<\/p>\n<p>Auteur: Amine Messaoudi<br \/>\n<a href=\"https:\/\/www.challenge.ma\/de-la-guerre-du-feu-a-la-guerre-des-vaccins-174396\/\">Cliquez ici pour lire l&rsquo;article depuis sa source.<\/a><\/p>\n","protected":false},"excerpt":{"rendered":"<p>L\u2019\u00eatre humain actuel est-il si diff\u00e9rent de l\u2019\u00eatre humain des temps pr\u00e9historiques\u00a0? Plusieurs religions, cultures, civilisations furent invent\u00e9es pour \u00ab\u00a0d\u00e9sanimaliser\u00a0\u00bb l\u2019humain, l\u2019\u00a0\u00ab\u00a0expurger\u00a0\u00bb de cette \u00ab\u00a0animalit\u00e9\u00a0\u00bb intrins\u00e8que qui dort en chacun de nous profond\u00e9ment. Est-ce la \u00ab\u00a0peur de la mort\u00a0\u00bb qui r\u00e9veille cet instinct et ressuscite cette \u00ab\u00a0animalit\u00e9\u00a0\u00bb que l\u2019on croyait loin derri\u00e8re nous\u00a0? Les progr\u00e8s [&hellip;]<\/p>\n","protected":false},"author":1787,"featured_media":0,"comment_status":"closed","ping_status":"closed","sticky":false,"template":"","format":"standard","meta":{"fifu_image_url":"","fifu_image_alt":"","footnotes":""},"categories":[78,54],"tags":[],"class_list":["post-110727","post","type-post","status-publish","format-standard","hentry","category-economie","category-maroc"],"_links":{"self":[{"href":"https:\/\/linitiative.ca\/International\/wp-json\/wp\/v2\/posts\/110727","targetHints":{"allow":["GET"]}}],"collection":[{"href":"https:\/\/linitiative.ca\/International\/wp-json\/wp\/v2\/posts"}],"about":[{"href":"https:\/\/linitiative.ca\/International\/wp-json\/wp\/v2\/types\/post"}],"author":[{"embeddable":true,"href":"https:\/\/linitiative.ca\/International\/wp-json\/wp\/v2\/users\/1787"}],"replies":[{"embeddable":true,"href":"https:\/\/linitiative.ca\/International\/wp-json\/wp\/v2\/comments?post=110727"}],"version-history":[{"count":0,"href":"https:\/\/linitiative.ca\/International\/wp-json\/wp\/v2\/posts\/110727\/revisions"}],"wp:attachment":[{"href":"https:\/\/linitiative.ca\/International\/wp-json\/wp\/v2\/media?parent=110727"}],"wp:term":[{"taxonomy":"category","embeddable":true,"href":"https:\/\/linitiative.ca\/International\/wp-json\/wp\/v2\/categories?post=110727"},{"taxonomy":"post_tag","embeddable":true,"href":"https:\/\/linitiative.ca\/International\/wp-json\/wp\/v2\/tags?post=110727"}],"curies":[{"name":"wp","href":"https:\/\/api.w.org\/{rel}","templated":true}]}}