{"id":110728,"date":"2021-02-06T05:17:39","date_gmt":"2021-02-06T10:17:39","guid":{"rendered":"https:\/\/linitiative.ca\/International\/oms-plus-de-vaccinations-anti-covid19-que-de-cas-detectes-dans-le-monde\/"},"modified":"2021-02-06T05:17:39","modified_gmt":"2021-02-06T10:17:39","slug":"oms-plus-de-vaccinations-anti-covid19-que-de-cas-detectes-dans-le-monde","status":"publish","type":"post","link":"https:\/\/linitiative.ca\/International\/oms-plus-de-vaccinations-anti-covid19-que-de-cas-detectes-dans-le-monde\/","title":{"rendered":"OMS : plus de vaccinations anti-covid19 que de cas d\u00e9tect\u00e9s dans le monde"},"content":{"rendered":"<p><strong>Le nombre de vaccinations dans le monde contre le coronavirus d\u00e9passe d\u00e9sormais le nombre d\u2019infections identifi\u00e9es, a soulign\u00e9, vendredi, l\u2019OMS, notant toutefois que plus de trois quarts de ces vaccinations ont eu lieu dans des pays qui rassemblent plus de 60% du Produit int\u00e9rieur brut (PIB).<\/strong><\/p>\n<div class=\"c10\"\/>\n<p>\u00ab\u00a0Aucune dose n\u2019a \u00e9t\u00e9 administr\u00e9e encore\u00a0\u00bb dans environ 130 pays au total, a dit \u00e0 la presse le directeur g\u00e9n\u00e9ral de l\u2019institution Tedros Adhanom Ghebreyesus. Il a r\u00e9it\u00e9r\u00e9 son appel aux gouvernements \u00e0 relayer aupr\u00e8s des pays moins bien dot\u00e9s leurs vaccins exc\u00e9dentaires et aux fabricants \u00e0 \u00e9tendre leur production en partageant \u00ab\u00a0leurs donn\u00e9es et leurs technologies\u00a0\u00bb.<\/p>\n<p>Outre celui de Pfizer\/BioNTech d\u00e9j\u00e0 valid\u00e9 sur la liste d\u2019urgence de l\u2019OMS, deux vaccins, dont celui d\u2019AstraZeneca, seront \u00e9valu\u00e9s dans une dizaine de jours, a expliqu\u00e9, de son c\u00f4t\u00e9, une responsable de l\u2019organisation. Ce dispositif doit faciliter la distribution de doses fin f\u00e9vrier dans le cadre de l\u2019acc\u00e9l\u00e9rateur Covax pour un acc\u00e8s \u00e9quitable \u00e0 l\u2019immunisation, lanc\u00e9 par l\u2019institution et plusieurs autres acteurs.<\/p>\n<p><strong>Lire aussi|<\/strong><a href=\"https:\/\/www.challenge.ma\/de-la-guerre-du-feu-a-la-guerre-des-vaccins-174396\/\"><strong>De la \u00ab guerre du feu \u00bb \u00e0 la \u00ab guerre des vaccins \u00bb<\/strong><\/a><\/p>\n<p>Le nombre de nouveaux cas de coronavirus a diminu\u00e9 dans le monde depuis trois semaines, selon l\u2019OMS. Les vaccins ne sont pas les seuls responsables pour cette r\u00e9duction qui doit \u00eatre attribu\u00e9e \u00e0 une combinaison de composantes, dont les restrictions, a affirm\u00e9 l\u2019organisation.<\/p>\n<p><strong>Lire aussi|<\/strong><a href=\"https:\/\/www.challenge.ma\/vaccination-anti-covid-408-235-personnes-deja-vaccinees-174376\/\"><strong>Vaccination anti-covid : 408.235 personnes d\u00e9j\u00e0 vaccin\u00e9es<\/strong><\/a><\/p>\n<p>Avec MAP<\/p>\n<p>Auteur: challenge<br \/>\n<a href=\"https:\/\/www.challenge.ma\/oms-plus-de-vaccinations-anti-covid19-que-de-cas-detectes-dans-le-monde-174405\/\">Cliquez ici pour lire l&rsquo;article depuis sa source.<\/a><\/p>\n","protected":false},"excerpt":{"rendered":"<p>Le nombre de vaccinations dans le monde contre le coronavirus d\u00e9passe d\u00e9sormais le nombre d\u2019infections identifi\u00e9es, a soulign\u00e9, vendredi, l\u2019OMS, notant toutefois que plus de trois quarts de ces vaccinations ont eu lieu dans des pays qui rassemblent plus de 60% du Produit int\u00e9rieur brut (PIB). \u00ab\u00a0Aucune dose n\u2019a \u00e9t\u00e9 administr\u00e9e encore\u00a0\u00bb dans environ 130 [&hellip;]<\/p>\n","protected":false},"author":1787,"featured_media":0,"comment_status":"closed","ping_status":"closed","sticky":false,"template":"","format":"standard","meta":{"fifu_image_url":"","fifu_image_alt":"","footnotes":""},"categories":[78,54],"tags":[],"class_list":["post-110728","post","type-post","status-publish","format-standard","hentry","category-economie","category-maroc"],"_links":{"self":[{"href":"https:\/\/linitiative.ca\/International\/wp-json\/wp\/v2\/posts\/110728","targetHints":{"allow":["GET"]}}],"collection":[{"href":"https:\/\/linitiative.ca\/International\/wp-json\/wp\/v2\/posts"}],"about":[{"href":"https:\/\/linitiative.ca\/International\/wp-json\/wp\/v2\/types\/post"}],"author":[{"embeddable":true,"href":"https:\/\/linitiative.ca\/International\/wp-json\/wp\/v2\/users\/1787"}],"replies":[{"embeddable":true,"href":"https:\/\/linitiative.ca\/International\/wp-json\/wp\/v2\/comments?post=110728"}],"version-history":[{"count":0,"href":"https:\/\/linitiative.ca\/International\/wp-json\/wp\/v2\/posts\/110728\/revisions"}],"wp:attachment":[{"href":"https:\/\/linitiative.ca\/International\/wp-json\/wp\/v2\/media?parent=110728"}],"wp:term":[{"taxonomy":"category","embeddable":true,"href":"https:\/\/linitiative.ca\/International\/wp-json\/wp\/v2\/categories?post=110728"},{"taxonomy":"post_tag","embeddable":true,"href":"https:\/\/linitiative.ca\/International\/wp-json\/wp\/v2\/tags?post=110728"}],"curies":[{"name":"wp","href":"https:\/\/api.w.org\/{rel}","templated":true}]}}