{"id":110729,"date":"2021-02-06T15:47:43","date_gmt":"2021-02-06T20:47:43","guid":{"rendered":"https:\/\/linitiative.ca\/International\/covid19-risque-de-revenir-a-la-case-depart\/"},"modified":"2021-02-06T15:47:43","modified_gmt":"2021-02-06T20:47:43","slug":"covid19-risque-de-revenir-a-la-case-depart","status":"publish","type":"post","link":"https:\/\/linitiative.ca\/International\/covid19-risque-de-revenir-a-la-case-depart\/","title":{"rendered":"Covid19\u00a0: Risque de revenir \u00e0 la case d\u00e9part\u00a0!"},"content":{"rendered":"<div class=\"post-cont-in left relative\">\n<div id=\"post-info-wrap\" class=\"left relative post-info-out\">\n<div class=\"post-info-img left relative\"><img loading=\"lazy\" decoding=\"async\" alt=\"\" src=\"https:\/\/secure.gravatar.com\/avatar\/047123be9d5e8513774383916ee72db2?s=50&amp;d=mm&amp;r=g\" srcset=\"https:\/\/secure.gravatar.com\/avatar\/047123be9d5e8513774383916ee72db2?s=100&amp;d=mm&amp;r=g 2x\" class=\"avatar avatar-50 photo\" height=\"50\" width=\"50\"\/><\/div>\n<div class=\"post-info-in\">\n<div class=\"post-info-right left relative post-info-name left relative\"><span><span class=\"post-info-text\">Par<\/span> <span class=\"author-name vcard fn author\"><a href=\"https:\/\/www.tunisienumerique.com\/author\/lm\/\" title=\"Articles par LM\" rel=\"author\">LM<\/a><\/span><\/span> <span class=\"post-date updated\"><time class=\"post-date updated\" datetime=\"2021-02-06\">\u00a0| Il y a 1 heure<\/time><\/span><\/div>\n<div class=\"left relative\"><button id=\"listenButton1\" class=\"responsivevoice-button\" type=\"button\" value=\"Play\" title=\"&#xC9;coutez l'article\"><span>\ud83d\udd0a \u00c9coutez l&rsquo;article<\/span><\/button> <\/div>\n<\/div>\n<\/div>\n<p>Le directeur g\u00e9n\u00e9ral de l\u2019OMS a assur\u00e9 que les d\u00e9calages observ\u00e9s dans la distribution des vaccins mettent en p\u00e9ril tout le chemin qui a \u00e9t\u00e9 fait dans la lutte contre l\u2019\u00e9pid\u00e9mie, depuis plus d\u2019une ann\u00e9e.<\/p>\n<div class=\"code-block code-block-1 c4\"><ins class=\"adsbygoogle c3\" data-ad-layout=\"in-article\" data-ad-format=\"fluid\" data-ad-client=\"ca-pub-2102118777505746\" data-ad-slot=\"7301775417\"\/> <\/div>\n<p>Le directeur g\u00e9n\u00e9ral de l\u2019OMS\u00a0 a expliqu\u00e9 que jusqu\u2019\u00e0 ce jour, plus de 100 millions de doses ont \u00e9t\u00e9 dispens\u00e9es. Trois quarts ont \u00e9t\u00e9 utilis\u00e9es dans dix pays uniquement. Sachant que dans ces pays, des patients qui ne pr\u00e9sentaient pas, r\u00e9ellement, des indications \u00e0 la vaccination en priorit\u00e9, ont \u00e9t\u00e9 vaccin\u00e9s, alors que pas moins de 130 pays, qui comptent plus de 2.5 milliards d\u2019\u00e2mes n\u2019ont pratiqu\u00e9 aucune op\u00e9ration de vaccination \u00e0 ce jour.<\/p>\n<p>Ce d\u00e9s\u00e9quilibre entre les pays pr\u00e9sente de grands risques pour tout ce qui a \u00e9t\u00e9 fait dans la lutte contre la pand\u00e9mie.<\/p>\n<div class=\"swp_social_panel swp_horizontal_panel swp_flat_fresh swp_default_full_color swp_individual_full_color swp_other_full_color scale-100 scale-\" data-min-width=\"1100\" data-float-color=\"#ffffff\" data-float=\"bottom\" data-float-mobile=\"bottom\" data-transition=\"slide\">\n<div class=\"nc_tweetContainer swp_share_button total_shares total_sharesalt\"><span class=\"swp_count\">14 <span class=\"swp_label\">Partages<\/span><\/span><\/div>\n<\/div>\n<p><strong>Que se passe-t-il en Tunisie?<\/strong><br \/>Nous expliquons sur notre <a href=\"https:\/\/www.youtube.com\/channel\/UCRzypVq0B_yBad5eGrwBx0Q?sub_confirmation=1\" target=\"_blank\" rel=\"noopener\">cha\u00eene YouTube<\/a> . <a href=\"https:\/\/www.youtube.com\/channel\/UCRzypVq0B_yBad5eGrwBx0Q?sub_confirmation=1\" target=\"_blank\" rel=\"noopener\">Abonnez-vous!<\/a><\/p>\n<div class=\"mvp-org-wrap mvp-org-logo\" itemprop=\"publisher\"><img decoding=\"async\" src=\"https:\/\/www.tunisienumerique.com\/wp-content\/uploads\/2017\/02\/logo_tunisie_numerique.png\"\/><\/div>\n<div class=\"mvp-related-posts left relative\">\n<h4 class=\"post-header\"><span class=\"post-header\">Lire aussi<\/span><\/h4>\n<\/div>\n<div id=\"article-ad\"><ins class=\"adsbygoogle c5\" data-ad-client=\"ca-pub-2102118777505746\" data-ad-slot=\"6513972734\" data-ad-format=\"auto\" data-full-width-responsive=\"true\"\/> <\/div>\n<\/div>\n<div id=\"post-sidebar-wrap\"><ins class=\"adsbygoogle c5\" data-ad-client=\"ca-pub-2102118777505746\" data-ad-slot=\"6168283410\" data-ad-format=\"auto\" data-full-width-responsive=\"true\"\/> <\/div>\n<p>Auteur: LM<br \/>\n<a href=\"https:\/\/www.tunisienumerique.com\/covid19-risque-de-revenir-a-la-case-depart\/\">Cliquez ici pour lire l&rsquo;article depuis sa source.<\/a><\/p>\n","protected":false},"excerpt":{"rendered":"<p>Par LM \u00a0| Il y a 1 heure \ud83d\udd0a \u00c9coutez l&rsquo;article Le directeur g\u00e9n\u00e9ral de l\u2019OMS a assur\u00e9 que les d\u00e9calages observ\u00e9s dans la distribution des vaccins mettent en p\u00e9ril tout le chemin qui a \u00e9t\u00e9 fait dans la lutte contre l\u2019\u00e9pid\u00e9mie, depuis plus d\u2019une ann\u00e9e. Le directeur g\u00e9n\u00e9ral de l\u2019OMS\u00a0 a expliqu\u00e9 que jusqu\u2019\u00e0 [&hellip;]<\/p>\n","protected":false},"author":1789,"featured_media":0,"comment_status":"closed","ping_status":"closed","sticky":false,"template":"","format":"standard","meta":{"fifu_image_url":"https:\/\/secure.gravatar.com\/avatar\/047123be9d5e8513774383916ee72db2?s=50&d=mm&r=g","fifu_image_alt":"Covid19\u00a0: Risque de revenir \u00e0 la case d\u00e9part\u00a0!","footnotes":""},"categories":[73,55],"tags":[],"class_list":["post-110729","post","type-post","status-publish","format-standard","hentry","category-actualite","category-tunisie"],"_links":{"self":[{"href":"https:\/\/linitiative.ca\/International\/wp-json\/wp\/v2\/posts\/110729","targetHints":{"allow":["GET"]}}],"collection":[{"href":"https:\/\/linitiative.ca\/International\/wp-json\/wp\/v2\/posts"}],"about":[{"href":"https:\/\/linitiative.ca\/International\/wp-json\/wp\/v2\/types\/post"}],"author":[{"embeddable":true,"href":"https:\/\/linitiative.ca\/International\/wp-json\/wp\/v2\/users\/1789"}],"replies":[{"embeddable":true,"href":"https:\/\/linitiative.ca\/International\/wp-json\/wp\/v2\/comments?post=110729"}],"version-history":[{"count":0,"href":"https:\/\/linitiative.ca\/International\/wp-json\/wp\/v2\/posts\/110729\/revisions"}],"wp:attachment":[{"href":"https:\/\/linitiative.ca\/International\/wp-json\/wp\/v2\/media?parent=110729"}],"wp:term":[{"taxonomy":"category","embeddable":true,"href":"https:\/\/linitiative.ca\/International\/wp-json\/wp\/v2\/categories?post=110729"},{"taxonomy":"post_tag","embeddable":true,"href":"https:\/\/linitiative.ca\/International\/wp-json\/wp\/v2\/tags?post=110729"}],"curies":[{"name":"wp","href":"https:\/\/api.w.org\/{rel}","templated":true}]}}