{"id":110732,"date":"2021-02-06T16:25:14","date_gmt":"2021-02-06T21:25:14","guid":{"rendered":"https:\/\/linitiative.ca\/International\/kasserine-la-covid-19-reporte-le-marathon-des-martyrs-de-la-nation-au-9-avril\/"},"modified":"2021-02-06T16:25:14","modified_gmt":"2021-02-06T21:25:14","slug":"kasserine-la-covid-19-reporte-le-marathon-des-martyrs-de-la-nation-au-9-avril","status":"publish","type":"post","link":"https:\/\/linitiative.ca\/International\/kasserine-la-covid-19-reporte-le-marathon-des-martyrs-de-la-nation-au-9-avril\/","title":{"rendered":"Kasserine : La Covid-19 reporte le marathon des Martyrs de la Nation au 9 avril"},"content":{"rendered":"<div class=\"post-cont-in left relative\">\n<div id=\"post-info-wrap\" class=\"left relative post-info-out\">\n<div class=\"post-info-img left relative\"><img loading=\"lazy\" decoding=\"async\" alt=\"\" src=\"https:\/\/secure.gravatar.com\/avatar\/e08a32c38bbac601a92c63c79d61b38d?s=50&amp;d=mm&amp;r=g\" srcset=\"https:\/\/secure.gravatar.com\/avatar\/e08a32c38bbac601a92c63c79d61b38d?s=100&amp;d=mm&amp;r=g 2x\" class=\"avatar avatar-50 photo\" height=\"50\" width=\"50\"\/><\/div>\n<div class=\"post-info-in\">\n<div class=\"post-info-right left relative post-info-name left relative\"><span itemprop=\"author\" itemscope=\"\" itemtype=\"https:\/\/schema.org\/Person\"><span class=\"post-info-text\">By<\/span> <span class=\"author-name vcard fn author\" itemprop=\"name\"><a href=\"https:\/\/sport.tunisienumerique.com\/author\/fakhreddine\/\" title=\"Articles par Fakhreddine Ben Malek\" rel=\"author\">Fakhreddine Ben Malek<\/a><\/span> <span class=\"author-twitter\"><a href=\"https:\/\/twitter.com\/Fakhr_Ben_Malek\" class=\"twitter-but\" target=\"_blank\" rel=\"noopener\"><\/span><\/span> <span class=\"post-date updated\"><time class=\"post-date updated\" itemprop=\"datePublished\" datetime=\"2021-02-06\">\u00a0| Il y a 1 heure<\/time><\/span><\/div>\n<div class=\"left relative\"><button id=\"listenButton1\" class=\"responsivevoice-button\" type=\"button\" value=\"Play\" title=\"&#xC9;coutez l'article\"><span>\ud83d\udd0a \u00c9coutez l&rsquo;article<\/span><\/button> <\/div>\n<\/div>\n<\/div>\n<div class=\"heateor_sss_sharing_container heateor_sss_horizontal_sharing\" heateor-sss-data-href=\"https:\/\/sport.tunisienumerique.com\/kasserine-la-covid-19-reporte-le-marathon-des-martyrs-de-la-nation-au-9-avril\/\" heateor-sss-no-counts=\"1\">\n<div class=\"heateor_sss_sharing_title c4\">Cet article vous a \u00e9t\u00e9 utile? Partagez le, il int\u00e9ressera d\u2019autres personnes. Merci!<\/div>\n<ul class=\"heateor_sss_sharing_ul\">\n<li class=\"heateorSssSharingRound\"><em alt=\"Facebook\" title=\"Facebook\" class=\"heateorSssSharing heateorSssFacebookBackground c5\" onclick=\"heateorSssPopup(&quot;https:\/\/www.facebook.com\/sharer\/sharer.php?u=https%3A%2F%2Fsport.tunisienumerique.com%2Fkasserine-la-covid-19-reporte-le-marathon-des-martyrs-de-la-nation-au-9-avril%2F&quot;)\">\u00a0<\/em><\/li>\n<li class=\"heateorSssSharingRound\"><em alt=\"Twitter\" title=\"Twitter\" class=\"heateorSssSharing heateorSssTwitterBackground c5\" onclick=\"heateorSssPopup(&quot;http:\/\/twitter.com\/intent\/tweet?text=Kasserine%20%3A%20La%20Covid-19%20reporte%20le%20marathon%20des%20Martyrs%20de%20la%20Nation%20au%209%20avril&amp;url=https%3A%2F%2Fsport.tunisienumerique.com%2Fkasserine-la-covid-19-reporte-le-marathon-des-martyrs-de-la-nation-au-9-avril%2F&quot;)\">\u00a0<\/em><\/li>\n<li class=\"heateorSssSharingRound\"><em alt=\"Linkedin\" title=\"Linkedin\" class=\"heateorSssSharing heateorSssLinkedinBackground c5\" onclick=\"heateorSssPopup(&quot;http:\/\/www.linkedin.com\/shareArticle?mini=true&amp;url=https%3A%2F%2Fsport.tunisienumerique.com%2Fkasserine-la-covid-19-reporte-le-marathon-des-martyrs-de-la-nation-au-9-avril%2F&amp;title=Kasserine%20%3A%20La%20Covid-19%20reporte%20le%20marathon%20des%20Martyrs%20de%20la%20Nation%20au%209%20avril&quot;)\">\u00a0<\/em><\/li>\n<li class=\"heateorSssSharingRound\"><em alt=\"Google Gmail\" title=\"Google Gmail\" class=\"heateorSssSharing heateorSssGoogleGmailBackground c5\" onclick=\"heateorSssPopup(&quot;https:\/\/mail.google.com\/mail\/?ui=2&amp;view=cm&amp;fs=1&amp;tf=1&amp;su=Kasserine%20%3A%20La%20Covid-19%20reporte%20le%20marathon%20des%20Martyrs%20de%20la%20Nation%20au%209%20avril&amp;body=Link:https%3A%2F%2Fsport.tunisienumerique.com%2Fkasserine-la-covid-19-reporte-le-marathon-des-martyrs-de-la-nation-au-9-avril%2F&quot;)\">\u00a0<\/em><\/li>\n<li class=\"heateorSssSharingRound\"><em alt=\"Whatsapp\" title=\"Whatsapp\" class=\"heateorSssSharing heateorSssWhatsappBackground c5\"><a href=\"https:\/\/web.whatsapp.com\/send?text=Kasserine%20%3A%20La%20Covid-19%20reporte%20le%20marathon%20des%20Martyrs%20de%20la%20Nation%20au%209%20avril%20https%3A%2F%2Fsport.tunisienumerique.com%2Fkasserine-la-covid-19-reporte-le-marathon-des-martyrs-de-la-nation-au-9-avril%2F\" rel=\"nofollow noopener\" target=\"_blank\">\u00a0<\/a><\/em><\/li>\n<li class=\"heateorSssSharingRound\">\u00a0<\/li>\n<\/ul>\n<\/div>\n<p>Initialement pr\u00e9vu le 18 f\u00e9vrier prochain, le marathon des martyrs de la nation est\u00a0 report\u00e9 au 9 avril 2021 \u00e0 Kasserine, en raison de la pand\u00e9mie du coronavirus.<\/p>\n<p>Malheureusement la crise sanitaire en a d\u00e9cid\u00e9 ainsi, vu la fermeture des fronti\u00e8res fran\u00e7aises pour les organisateurs et les participants, l\u2019obligation de confinement total de sept jours \u00e0 l\u2019arriv\u00e9e en Tunisie et l\u2019interdiction de tous rassemblements sportifs ou autres, instaur\u00e9e par les autorit\u00e9s sanitaires.<\/p>\n<div class=\"code-block code-block-1 c7\"><ins class=\"adsbygoogle c6\" data-ad-layout=\"in-article\" data-ad-format=\"fluid\" data-ad-client=\"ca-pub-2102118777505746\" data-ad-slot=\"7301775417\"\/> <\/div>\n<p><\/p>\n<div class=\"heateor_sss_sharing_container heateor_sss_horizontal_sharing\" heateor-sss-data-href=\"https:\/\/sport.tunisienumerique.com\/kasserine-la-covid-19-reporte-le-marathon-des-martyrs-de-la-nation-au-9-avril\/\" heateor-sss-no-counts=\"1\">\n<div class=\"heateor_sss_sharing_title c4\">Cet article vous a \u00e9t\u00e9 utile? Partagez le, il int\u00e9ressera d\u2019autres personnes. Merci!<\/div>\n<ul class=\"heateor_sss_sharing_ul\">\n<li class=\"heateorSssSharingRound\"><em alt=\"Facebook\" title=\"Facebook\" class=\"heateorSssSharing heateorSssFacebookBackground c5\" onclick=\"heateorSssPopup(&quot;https:\/\/www.facebook.com\/sharer\/sharer.php?u=https%3A%2F%2Fsport.tunisienumerique.com%2Fkasserine-la-covid-19-reporte-le-marathon-des-martyrs-de-la-nation-au-9-avril%2F&quot;)\">\u00a0<\/em><\/li>\n<li class=\"heateorSssSharingRound\"><em alt=\"Twitter\" title=\"Twitter\" class=\"heateorSssSharing heateorSssTwitterBackground c5\" onclick=\"heateorSssPopup(&quot;http:\/\/twitter.com\/intent\/tweet?text=Kasserine%20%3A%20La%20Covid-19%20reporte%20le%20marathon%20des%20Martyrs%20de%20la%20Nation%20au%209%20avril&amp;url=https%3A%2F%2Fsport.tunisienumerique.com%2Fkasserine-la-covid-19-reporte-le-marathon-des-martyrs-de-la-nation-au-9-avril%2F&quot;)\">\u00a0<\/em><\/li>\n<li class=\"heateorSssSharingRound\"><em alt=\"Linkedin\" title=\"Linkedin\" class=\"heateorSssSharing heateorSssLinkedinBackground c5\" onclick=\"heateorSssPopup(&quot;http:\/\/www.linkedin.com\/shareArticle?mini=true&amp;url=https%3A%2F%2Fsport.tunisienumerique.com%2Fkasserine-la-covid-19-reporte-le-marathon-des-martyrs-de-la-nation-au-9-avril%2F&amp;title=Kasserine%20%3A%20La%20Covid-19%20reporte%20le%20marathon%20des%20Martyrs%20de%20la%20Nation%20au%209%20avril&quot;)\">\u00a0<\/em><\/li>\n<li class=\"heateorSssSharingRound\"><em alt=\"Google Gmail\" title=\"Google Gmail\" class=\"heateorSssSharing heateorSssGoogleGmailBackground c5\" onclick=\"heateorSssPopup(&quot;https:\/\/mail.google.com\/mail\/?ui=2&amp;view=cm&amp;fs=1&amp;tf=1&amp;su=Kasserine%20%3A%20La%20Covid-19%20reporte%20le%20marathon%20des%20Martyrs%20de%20la%20Nation%20au%209%20avril&amp;body=Link:https%3A%2F%2Fsport.tunisienumerique.com%2Fkasserine-la-covid-19-reporte-le-marathon-des-martyrs-de-la-nation-au-9-avril%2F&quot;)\">\u00a0<\/em><\/li>\n<li class=\"heateorSssSharingRound\"><em alt=\"Whatsapp\" title=\"Whatsapp\" class=\"heateorSssSharing heateorSssWhatsappBackground c5\"><a href=\"https:\/\/web.whatsapp.com\/send?text=Kasserine%20%3A%20La%20Covid-19%20reporte%20le%20marathon%20des%20Martyrs%20de%20la%20Nation%20au%209%20avril%20https%3A%2F%2Fsport.tunisienumerique.com%2Fkasserine-la-covid-19-reporte-le-marathon-des-martyrs-de-la-nation-au-9-avril%2F\" rel=\"nofollow noopener\" target=\"_blank\">\u00a0<\/a><\/em><\/li>\n<li class=\"heateorSssSharingRound\">\u00a0<\/li>\n<\/ul>\n<\/div>\n<p><strong>Que se passe-t-il en Tunisie?<\/strong><br \/>Nous expliquons sur notre <a href=\"https:\/\/www.youtube.com\/channel\/UCRzypVq0B_yBad5eGrwBx0Q?sub_confirmation=1\" target=\"_blank\" rel=\"noopener\">cha\u00eene YouTube<\/a> . <a href=\"https:\/\/www.youtube.com\/channel\/UCRzypVq0B_yBad5eGrwBx0Q?sub_confirmation=1\" target=\"_blank\" rel=\"noopener\">Abonnez-vous!<\/a><\/p>\n<div class=\"mvp-org-wrap mvp-org-logo\" itemprop=\"publisher\" itemscope=\"\" itemtype=\"https:\/\/schema.org\/Organization\"><img decoding=\"async\" src=\"https:\/\/sport.tunisienumerique.com\/wp-content\/uploads\/2017\/05\/logo_tunisie_numerique.png\"\/><\/div>\n<div class=\"mvp-related-posts left relative\">\n<h4 class=\"post-header\"><span class=\"post-header\">Lire aussi<\/span><\/h4>\n<\/div>\n<div id=\"article-ad\"><ins class=\"adsbygoogle c8\" data-ad-client=\"ca-pub-2102118777505746\" data-ad-slot=\"6513972734\" data-ad-format=\"auto\" data-full-width-responsive=\"true\"\/> <\/div>\n<\/div>\n<div id=\"post-sidebar-wrap\"><ins class=\"adsbygoogle c8\" data-ad-client=\"ca-pub-2102118777505746\" data-ad-slot=\"6513972734\" data-ad-format=\"auto\" data-full-width-responsive=\"true\"\/> <\/div>\n<p>Auteur: a.<br \/>\n<a href=\"https:\/\/sport.tunisienumerique.com\/kasserine-la-covid-19-reporte-le-marathon-des-martyrs-de-la-nation-au-9-avril\/\">Cliquez ici pour lire l&rsquo;article depuis sa source.<\/a><\/p>\n","protected":false},"excerpt":{"rendered":"<p>By Fakhreddine Ben Malek \u00a0| Il y a 1 heure \ud83d\udd0a \u00c9coutez l&rsquo;article Cet article vous a \u00e9t\u00e9 utile? Partagez le, il int\u00e9ressera d\u2019autres personnes. Merci! \u00a0 \u00a0 \u00a0 \u00a0 \u00a0 \u00a0 Initialement pr\u00e9vu le 18 f\u00e9vrier prochain, le marathon des martyrs de la nation est\u00a0 report\u00e9 au 9 avril 2021 \u00e0 Kasserine, en raison [&hellip;]<\/p>\n","protected":false},"author":1789,"featured_media":0,"comment_status":"closed","ping_status":"closed","sticky":false,"template":"","format":"standard","meta":{"fifu_image_url":"https:\/\/secure.gravatar.com\/avatar\/e08a32c38bbac601a92c63c79d61b38d?s=50&d=mm&r=g","fifu_image_alt":"Kasserine : La Covid-19 reporte le marathon des Martyrs de la Nation au 9 avril","footnotes":""},"categories":[73,55],"tags":[],"class_list":["post-110732","post","type-post","status-publish","format-standard","hentry","category-actualite","category-tunisie"],"_links":{"self":[{"href":"https:\/\/linitiative.ca\/International\/wp-json\/wp\/v2\/posts\/110732","targetHints":{"allow":["GET"]}}],"collection":[{"href":"https:\/\/linitiative.ca\/International\/wp-json\/wp\/v2\/posts"}],"about":[{"href":"https:\/\/linitiative.ca\/International\/wp-json\/wp\/v2\/types\/post"}],"author":[{"embeddable":true,"href":"https:\/\/linitiative.ca\/International\/wp-json\/wp\/v2\/users\/1789"}],"replies":[{"embeddable":true,"href":"https:\/\/linitiative.ca\/International\/wp-json\/wp\/v2\/comments?post=110732"}],"version-history":[{"count":0,"href":"https:\/\/linitiative.ca\/International\/wp-json\/wp\/v2\/posts\/110732\/revisions"}],"wp:attachment":[{"href":"https:\/\/linitiative.ca\/International\/wp-json\/wp\/v2\/media?parent=110732"}],"wp:term":[{"taxonomy":"category","embeddable":true,"href":"https:\/\/linitiative.ca\/International\/wp-json\/wp\/v2\/categories?post=110732"},{"taxonomy":"post_tag","embeddable":true,"href":"https:\/\/linitiative.ca\/International\/wp-json\/wp\/v2\/tags?post=110732"}],"curies":[{"name":"wp","href":"https:\/\/api.w.org\/{rel}","templated":true}]}}