{"id":110734,"date":"2021-02-06T07:06:21","date_gmt":"2021-02-06T12:06:21","guid":{"rendered":"https:\/\/linitiative.ca\/International\/representant-residant-de-lunfpa-au-burkina-faso-auguste-kpognon-la-pandemie-de-covid-19-a-rendu-plus-compliquee-la-coordination-des-reseaux-de-soutien-social-et-de-protection-de\/"},"modified":"2021-02-06T07:06:21","modified_gmt":"2021-02-06T12:06:21","slug":"representant-residant-de-lunfpa-au-burkina-faso-auguste-kpognon-la-pandemie-de-covid-19-a-rendu-plus-compliquee-la-coordination-des-reseaux-de-soutien-social-et-de-protection-de","status":"publish","type":"post","link":"https:\/\/linitiative.ca\/International\/representant-residant-de-lunfpa-au-burkina-faso-auguste-kpognon-la-pandemie-de-covid-19-a-rendu-plus-compliquee-la-coordination-des-reseaux-de-soutien-social-et-de-protection-de\/","title":{"rendered":"Repr\u00e9sentant r\u00e9sidant de l\u2019UNFPA au Burkina Faso, Auguste Kpognon: \u00ab\u00a0La pand\u00e9mie de Covid-19 a rendu plus compliqu\u00e9e la coordination des r\u00e9seaux de soutien social et de protection de fille \u00e0 risque \u00bb"},"content":{"rendered":"<div class=\"td-post-featured-image\"><a href=\"https:\/\/www.sidwaya.info\/wp-content\/uploads\/2021\/02\/Representant-UNFPA-scaled.jpg\" data-caption=\"\"><img loading=\"lazy\" decoding=\"async\" width=\"696\" height=\"499\" class=\"entry-thumb td-modal-image\" src=\"https:\/\/www.sidwaya.info\/wp-content\/uploads\/2021\/02\/Representant-UNFPA-696x499.jpg\" srcset=\"https:\/\/www.sidwaya.info\/wp-content\/uploads\/2021\/02\/Representant-UNFPA-696x499.jpg 696w, https:\/\/www.sidwaya.info\/wp-content\/uploads\/2021\/02\/Representant-UNFPA-300x215.jpg 300w, https:\/\/www.sidwaya.info\/wp-content\/uploads\/2021\/02\/Representant-UNFPA-1024x735.jpg 1024w, https:\/\/www.sidwaya.info\/wp-content\/uploads\/2021\/02\/Representant-UNFPA-768x551.jpg 768w, https:\/\/www.sidwaya.info\/wp-content\/uploads\/2021\/02\/Representant-UNFPA-1536x1102.jpg 1536w, https:\/\/www.sidwaya.info\/wp-content\/uploads\/2021\/02\/Representant-UNFPA-2048x1469.jpg 2048w, https:\/\/www.sidwaya.info\/wp-content\/uploads\/2021\/02\/Representant-UNFPA-150x108.jpg 150w, https:\/\/www.sidwaya.info\/wp-content\/uploads\/2021\/02\/Representant-UNFPA-1068x766.jpg 1068w, https:\/\/www.sidwaya.info\/wp-content\/uploads\/2021\/02\/Representant-UNFPA-1920x1377.jpg 1920w, https:\/\/www.sidwaya.info\/wp-content\/uploads\/2021\/02\/Representant-UNFPA-585x420.jpg 585w, https:\/\/www.sidwaya.info\/wp-content\/uploads\/2021\/02\/Representant-UNFPA-1320x947.jpg 1320w\" sizes=\"auto, (max-width: 696px) 100vw, 696px\" alt=\"\" title=\"Representant UNFPA\"\/><\/a><\/div>\n<p><strong>A l\u2019instar du monde entier, le Burkina Faso comm\u00e9more chaque 6 f\u00e9vrier la journ\u00e9e internationale de la tol\u00e9rance Z\u00e9ro \u00e0 l\u2019\u00e9gard des mutilations g\u00e9nitales f\u00e9minines. La journ\u00e9e est c\u00e9l\u00e9br\u00e9e cette ann\u00e9e sous le th\u00e8me\u00a0: \u00ab\u00a0<em>Le temps de l\u2019inaction mondiale est r\u00e9volu\u00a0: Unir, financer, agir pour mettre fin aux mutilations g\u00e9nitales f\u00e9minines<\/em>\u00a0\u00bb. Le Repr\u00e9sentant r\u00e9sidant<\/strong> <strong>de<\/strong> Fonds des Nations unies pour la population (<strong>UNFPA), au Burkina Faso<\/strong><strong>,<\/strong> <strong>Auguste Kpognon,<\/strong> <strong>donne dans cette interview accord\u00e9e \u00e0 Sidwaya, des explications sur le sens de cette journ\u00e9e.<\/strong><\/p>\n<p><strong>Sidwaya (S)\u00a0: Le 6 f\u00e9vrier est comm\u00e9mor\u00e9e la journ\u00e9e internationale de la tol\u00e9rance Z\u00e9ro \u00e0 l\u2019\u00e9gard des mutilations g\u00e9nitales f\u00e9minines<\/strong><strong>. Quel sens donnez-vous \u00e0 cette date\u00a0?\u00a0<\/strong><\/p>\n<p><strong>\u00a0Repr\u00e9sentant R\u00e9sident de la UNFPA, Auguste Kpognon (A.K.) :<\/strong> le 6 f\u00e9vrier, <span class=\"c1\">la<\/span> journ\u00e9e de comm\u00e9moration Tol\u00e9rance Z\u00e9ro \u00e0 l\u2019\u00e9gard des mutilations g\u00e9nitales f\u00e9minines (MGF) est une opportunit\u00e9, de parler de l\u2019importance des droits fondamentaux des femmes et en particulier des filles en ce qui concerne les MGF qui sont consid\u00e9r\u00e9es comme des pratiques traditionnelles n\u00e9fastes \u00e0 la sant\u00e9 de ces femmes et filles. Cette journ\u00e9e est l\u2019occasion pour les pouvoirs publics ainsi que les organisations de la soci\u00e9t\u00e9 civile (OSC) d\u2019organiser les activit\u00e9s de sensibilisations et de mobiliser des ressources pour l\u2019\u00e9radication de cette pratique. En ce qui concerne l\u2019UNFPA, c\u2019est l\u2019opportunit\u00e9 de mettre en avant un de nos r\u00e9sultats transformateurs qui est z\u00e9ro pratique n\u00e9faste d\u2019ici \u00e0 2030. Il est important qu\u2019avec le gouvernement burkinab\u00e9, nous soyons en mesure d\u2019acc\u00e9l\u00e9rer toutes les interventions qui nous permettront de mettre fin \u00e0 cette pratique.<\/p>\n<p><strong>(S.)\u00a0: Quel regard portez-vous sur la situation des mutilations g\u00e9nitales f\u00e9minines au Burkina Faso\u00a0?<\/strong><\/p>\n<p><strong>(A.K.) : \u00a0<\/strong>L\u2019excision est une pratique ancienne ancr\u00e9e dans les traditions et les coutumes dans plusieurs pays de la sous-r\u00e9gion et particuli\u00e8rement dans la zone sah\u00e9lienne. Elle \u00a0\u00a0se perp\u00e9tue de g\u00e9n\u00e9ration en g\u00e9n\u00e9ration. Fort heureusement, on peut noter des progr\u00e8s notables en terme d\u2019engagement des plus hautes autorit\u00e9s de l\u2019Etat, notamment le chef de l\u2019Etat, la Premi\u00e8re Dame, le pr\u00e9sident de l\u2019Assembl\u00e9e nationale et la ministre en charge de la Femme. On peut aussi noter une baisse de la pr\u00e9valence li\u00e9e \u00e0 l\u2019excision des enfants \u00e2g\u00e9es de 0 \u00e0 14 ans qui passe de 13 % en 2010 \u00e0 11 % en 2015. On peut aussi noter le nombre de village au Burkina Faso ayant publiquement d\u00e9clar\u00e9 l\u2019abandon des mutilations g\u00e9nitales f\u00e9minines qui est pass\u00e9 de 754 en 2017 \u00e0 4102 en 2020. Au niveau de la l\u00e9gislation nationale, il y a la mise en application d\u2019une loi contre les mutilations g\u00e9nitales f\u00e9minines qui r\u00e9prime les auteurs et les complices. Il y a l\u2019existence d\u2019un syst\u00e8me d\u2019offre de services qui est aussi bien psycho-social que m\u00e9dical et juridique qui permettra aux victimes de pouvoir surmonter ce traumatisme psychologique et physique.<\/p>\n<p><strong>(S)\u00a0: Quelles sont les difficult\u00e9s qui entravent l\u2019atteinte de l\u2019objectif \u00ab\u00a0tol\u00e9rance z\u00e9ro \u00e0 l\u2019\u00e9gard des mutilations g\u00e9nitales f\u00e9minines au Burkina\u00a0\u00bb\u00a0?<\/strong><\/p>\n<p><img decoding=\"async\" loading=\"lazy\" class=\"alignnone size-full wp-image-32159\" src=\"https:\/\/www.sidwaya.info\/wp-content\/uploads\/2021\/02\/telechargement.jpg\" alt=\"\" width=\"209\" height=\"241\" srcset=\"https:\/\/www.sidwaya.info\/wp-content\/uploads\/2021\/02\/telechargement.jpg 209w, https:\/\/www.sidwaya.info\/wp-content\/uploads\/2021\/02\/telechargement-150x173.jpg 150w\" sizes=\"auto, (max-width: 209px) 100vw, 209px\"\/><\/p>\n<p><strong>(<\/strong>A.K.) : \u00a0C\u2019est une pratique ancienne ancr\u00e9e dans la soci\u00e9t\u00e9. Il y a une r\u00e9sistance de certaines soci\u00e9t\u00e9s au changement. Et cela demande beaucoup de patience, de sensibilisation. Ce sont des efforts qui peuvent paraitre minimes dans le temps mais il y a une r\u00e9elle avanc\u00e9e. Nos difficult\u00e9s, c\u2019est la baisse de l\u2019\u00e2ge de l\u2019excision. Il y a des enfants de 0 \u00e0 5 ans qui sont excis\u00e9es dans la clandestinit\u00e9. Il y a aussi la probl\u00e9matique transfrontali\u00e8re. R\u00e9cemment le Burkina a connu des probl\u00e8mes d\u2019ordre s\u00e9curitaire et donc l\u2019inaccessibilit\u00e9 de certaines zones dans le pays rend les efforts de sensibilisation plus compliqu\u00e9s. Malheureusement, l\u2019av\u00e8nement de la pand\u00e9mie de Covid-19 a rendu plus compliqu\u00e9e \u00a0\u00a0la coordination des r\u00e9seaux de soutien social et de protection de filles \u00e0 risque. Il faut que l\u2019on trouve des strat\u00e9gies alternatives dans ce contexte de Covid-19 nous permettant de pouvoir aller de l\u2019avant.<\/p>\n<p><strong>(S)\u00a0: Quelles sont vos esp\u00e9rances pour l\u2019atteinte de l\u2019objectif tol\u00e9rance Z\u00e9ro\u00a0?<\/strong><\/p>\n<p><strong>\u00a0<\/strong><\/p>\n<p><strong>(<\/strong>A.K.) : C\u2019est un grand optimisme parce que tout simplement, pour le Burkina Faso, nous avons la chance d\u2019avoir la plus haute autorit\u00e9 de l\u2019Etat<strong>,<\/strong> en l\u2019occurrence son Excellence Monsieur Roch Marc Christian Kabore qui a \u00e9t\u00e9 sacr\u00e9 champion de l\u2019Union Africaine pour la promotion de l\u2019\u00e9limination des mutilations g\u00e9nitales f\u00e9minines. Grace \u00e0 son travail et \u00e0 son leadership, nous avons pu noter des avanc\u00e9es notables non seulement au niveau du Burkina Faso, mais \u00e0 travers tout le continent africain. On peut aussi noter que le pays dispose d\u2019un environnement tout \u00e0 fait propice \u00e0 l\u2019\u00e9limination des MGF \u00e0 tous les niveaux conform\u00e9ment aux normes relatives aux droits humains. Et enfin, l\u2019engagement communautaire est tr\u00e8s important et demeure notre fer de lance aux activit\u00e9s de sensibilisations et de suivi des interventions. La soci\u00e9t\u00e9 civile et les partenaires techniques et financiers soutiennent les activit\u00e9s depuis des ann\u00e9es et continueront \u00e0 soutenir ces activit\u00e9s jusqu\u2019\u00e0 l\u2019\u00e9radication de cette pratique n\u00e9faste.<\/p>\n<p><strong>Wamini Micheline OUEDRAOGO<\/strong><\/p>\n<div class=\"td-a-rec td-a-rec-id-content_bottom tdi_33_54f td_block_template_1\"><img loading=\"lazy\" decoding=\"async\" class=\"aligncenter size-full wp-image-27454\" src=\"https:\/\/www.sidwaya.info\/wp-content\/uploads\/2020\/10\/PUB-Bandeau-paiement-mobile-siteweb.jpg\" alt=\"\" width=\"728\" height=\"90\"\/><\/div>\n<p>Auteur: Wamini SIDWAYA<br \/>\n<a href=\"https:\/\/www.sidwaya.info\/blog\/2021\/02\/06\/mutilations-genitales-feminines-la-pandemie-de-covid-19-a-rendu-plus-compliquee-la-coordination-des-reseaux-de-soutien-social-et-de-protection-de-fille-a-risque-representant-resid\/\">Cliquez ici pour lire l&rsquo;article depuis sa source.<\/a><\/p>\n","protected":false},"excerpt":{"rendered":"<p>A l\u2019instar du monde entier, le Burkina Faso comm\u00e9more chaque 6 f\u00e9vrier la journ\u00e9e internationale de la tol\u00e9rance Z\u00e9ro \u00e0 l\u2019\u00e9gard des mutilations g\u00e9nitales f\u00e9minines. La journ\u00e9e est c\u00e9l\u00e9br\u00e9e cette ann\u00e9e sous le th\u00e8me\u00a0: \u00ab\u00a0Le temps de l\u2019inaction mondiale est r\u00e9volu\u00a0: Unir, financer, agir pour mettre fin aux mutilations g\u00e9nitales f\u00e9minines\u00a0\u00bb. Le Repr\u00e9sentant r\u00e9sidant de [&hellip;]<\/p>\n","protected":false},"author":1816,"featured_media":0,"comment_status":"closed","ping_status":"closed","sticky":false,"template":"","format":"standard","meta":{"fifu_image_url":"https:\/\/www.sidwaya.info\/wp-content\/uploads\/2021\/02\/Representant-UNFPA-696x499.jpg","fifu_image_alt":"Repr\u00e9sentant r\u00e9sidant de l\u2019UNFPA au Burkina Faso, Auguste Kpognon: \u00ab\u00a0La pand\u00e9mie de Covid-19 a rendu plus compliqu\u00e9e la coordination des r\u00e9seaux de soutien social et de protection de fille \u00e0 risque \u00bb","footnotes":""},"categories":[73,81],"tags":[],"class_list":["post-110734","post","type-post","status-publish","format-standard","hentry","category-actualite","category-burkina-faso"],"_links":{"self":[{"href":"https:\/\/linitiative.ca\/International\/wp-json\/wp\/v2\/posts\/110734","targetHints":{"allow":["GET"]}}],"collection":[{"href":"https:\/\/linitiative.ca\/International\/wp-json\/wp\/v2\/posts"}],"about":[{"href":"https:\/\/linitiative.ca\/International\/wp-json\/wp\/v2\/types\/post"}],"author":[{"embeddable":true,"href":"https:\/\/linitiative.ca\/International\/wp-json\/wp\/v2\/users\/1816"}],"replies":[{"embeddable":true,"href":"https:\/\/linitiative.ca\/International\/wp-json\/wp\/v2\/comments?post=110734"}],"version-history":[{"count":0,"href":"https:\/\/linitiative.ca\/International\/wp-json\/wp\/v2\/posts\/110734\/revisions"}],"wp:attachment":[{"href":"https:\/\/linitiative.ca\/International\/wp-json\/wp\/v2\/media?parent=110734"}],"wp:term":[{"taxonomy":"category","embeddable":true,"href":"https:\/\/linitiative.ca\/International\/wp-json\/wp\/v2\/categories?post=110734"},{"taxonomy":"post_tag","embeddable":true,"href":"https:\/\/linitiative.ca\/International\/wp-json\/wp\/v2\/tags?post=110734"}],"curies":[{"name":"wp","href":"https:\/\/api.w.org\/{rel}","templated":true}]}}