{"id":110736,"date":"2021-02-06T14:18:02","date_gmt":"2021-02-06T19:18:02","guid":{"rendered":"https:\/\/linitiative.ca\/International\/sommet-de-lua-lafrique-a-fait-preuve-de-coherence-dans-la-gestion-de-la-pandemie-ministre-ae\/"},"modified":"2021-02-06T14:18:02","modified_gmt":"2021-02-06T19:18:02","slug":"sommet-de-lua-lafrique-a-fait-preuve-de-coherence-dans-la-gestion-de-la-pandemie-ministre-ae","status":"publish","type":"post","link":"https:\/\/linitiative.ca\/International\/sommet-de-lua-lafrique-a-fait-preuve-de-coherence-dans-la-gestion-de-la-pandemie-ministre-ae\/","title":{"rendered":"Sommet de l\u2019UA: l\u2019Afrique a fait preuve de coh\u00e9rence dans la gestion de la pand\u00e9mie (ministre AE)"},"content":{"rendered":"<div readability=\"32\">\n<p>Publi\u00e9 le 06.02.2021 \u00e0 20h18 par APA News<\/p>\n<\/div>\n<div readability=\"105\">\n<p>Le continent africain a \u00ab su montrer sa t\u00e9nacit\u00e9, il a fait preuve de coh\u00e9rence dans la gestion de la pand\u00e9mie sans jamais l\u00e9siner sur les efforts ni perdre de vue le chemin de l\u2019\u00e9mergence \u00bb, s\u2019est f\u00e9licit\u00e9 le ministre marocain des Affaires \u00e9trang\u00e8res, Nasser Bourita.Intervenant samedi \u00e0 l\u2019occasion de la 34\u00e8me session ordinaire du Sommet de l\u2019Union africaine (UA) qui se tient par visioconf\u00e9rence, le ministre a indiqu\u00e9 que face \u00e0 la pand\u00e9mie de la Covid-19, le Roi Mohammed VI a plac\u00e9 la mobilisation et l\u2019action solidaire comme pr\u00e9requis pour surmonter les d\u00e9fis du continent.<\/p>\n<p>Il s\u2019agit d\u2019abord de la conception de plans de relance \u00e9conomique et de strat\u00e9gies sectorielles innovantes post-Covid pour une \u00e9conomie inclusive et un d\u00e9veloppement \u00e9conomique et humain durable, a-t-il pr\u00e9cis\u00e9, notant, \u00e0 cet \u00e9gard, que le Maroc est dispos\u00e9 \u00e0 partager les \u00e9l\u00e9ments de son plan de r\u00e9ponse lanc\u00e9 conform\u00e9ment aux instructions royales, d\u00e8s l\u2019apparition de la pand\u00e9mie.<\/p>\n<p>Ensuite, l\u2019aide sociale dont l\u2019acc\u00e8s aux soins et \u00e0 la vaccination doit \u00eatre octroy\u00e9 au profit des citoyens, des migrants et des r\u00e9fugi\u00e9s, a soutenu M. Bourita, soulignant que c\u2019est le choix qu\u2019a fait le Maroc sous la conduite \u00e9clair\u00e9e du Souverain pour faire b\u00e9n\u00e9ficier les r\u00e9sidents \u00e9trangers, notamment africains de la vaccination et des soins.<\/p>\n<p>Une d\u00e9cision naturelle qui s\u2019inscrit en harmonie avec la strat\u00e9gie nationale d\u2019immigration et d\u2019asile du Royaume, a-t-il expliqu\u00e9, ajoutant que le Royaume a \u00e9t\u00e9 le premier pays africain \u00e0 lancer une large campagne de vaccination dont ont b\u00e9n\u00e9fici\u00e9, \u00e0 ce jour, plus de 400.000 personnes.<\/p>\n<p>Enfin, l\u2019int\u00e9gration r\u00e9gionale dans ses dimensions politiques, \u00e9conomiques et sociales, \u00e0 travers le renforcement de la coop\u00e9ration Sud-Sud et le cod\u00e9veloppement, doit \u00eatre bas\u00e9e sur la compl\u00e9mentarit\u00e9 et la solidarit\u00e9 agissante, a poursuivi le ministre, qui a insist\u00e9 sur le renforcement du r\u00f4le des 8 Communaut\u00e9s \u00e9conomiques r\u00e9gionales en tant que piliers de l\u2019int\u00e9gration continentale dans l\u2019\u00e9laboration et la mise en \u0153uvre de la strat\u00e9gie.<\/p>\n<p>\u00a0Cette pand\u00e9mie, a fait observer M. Bourita, a d\u00e9montr\u00e9 plus que jamais que la mobilisation et l\u2019action solidaire de tous sont des pr\u00e9requis cl\u00e9 pour surmonter les d\u00e9fis multiples du continent, et pour atteindre l\u2019objectif ultime de \u00ab l\u2019Afrique que nous voulons \u00bb.<\/p>\n<p>C\u2019est dans ce cadre que s\u2019inscrit l\u2019initiative du Roi Mohammed VI d\u2019octroyer une assistance en produit m\u00e9dicaux et de protection \u00e0 21 pays africains, a rappel\u00e9 le ministre.<\/p>\n<p>Le responsable gouvernemental a f\u00e9licit\u00e9 le pr\u00e9sident congolais, F\u00e9lix Tshisekedi, pour son accession \u00e0 la Pr\u00e9sidence de l\u2019UA, r\u00e9it\u00e9rant le plein soutien du Souverain pour la r\u00e9ussite de M. Tshisekedi dans ses fonctions \u00e0 la t\u00eate de l\u2019UA au service des causes de notre continent dans un contexte difficile.<\/p>\n<p>\u00a0Il a \u00e9galement exprim\u00e9 la reconnaissance du Maroc au Pr\u00e9sident de la Commission, Moussa Faki Mahamat et \u00e0 la Commissaire, Mme Amira Al Fadel pour leurs efforts dans la lutte contre la pand\u00e9mie.<\/p>\n<\/div>\n<p>Auteur: APA News<br \/>\n<a href=\"https:\/\/www.journalducameroun.com\/sommet-de-lua-lafrique-a-fait-preuve-de-coherence-dans-la-gestion-de-la-pandemie-ministre-ae\/\">Cliquez ici pour lire l&rsquo;article depuis sa source.<\/a><\/p>\n","protected":false},"excerpt":{"rendered":"<p>Publi\u00e9 le 06.02.2021 \u00e0 20h18 par APA News Le continent africain a \u00ab su montrer sa t\u00e9nacit\u00e9, il a fait preuve de coh\u00e9rence dans la gestion de la pand\u00e9mie sans jamais l\u00e9siner sur les efforts ni perdre de vue le chemin de l\u2019\u00e9mergence \u00bb, s\u2019est f\u00e9licit\u00e9 le ministre marocain des Affaires \u00e9trang\u00e8res, Nasser Bourita.Intervenant samedi [&hellip;]<\/p>\n","protected":false},"author":1965,"featured_media":0,"comment_status":"closed","ping_status":"closed","sticky":false,"template":"","format":"standard","meta":{"fifu_image_url":"","fifu_image_alt":"","footnotes":""},"categories":[73,82],"tags":[],"class_list":["post-110736","post","type-post","status-publish","format-standard","hentry","category-actualite","category-cameroun"],"_links":{"self":[{"href":"https:\/\/linitiative.ca\/International\/wp-json\/wp\/v2\/posts\/110736","targetHints":{"allow":["GET"]}}],"collection":[{"href":"https:\/\/linitiative.ca\/International\/wp-json\/wp\/v2\/posts"}],"about":[{"href":"https:\/\/linitiative.ca\/International\/wp-json\/wp\/v2\/types\/post"}],"author":[{"embeddable":true,"href":"https:\/\/linitiative.ca\/International\/wp-json\/wp\/v2\/users\/1965"}],"replies":[{"embeddable":true,"href":"https:\/\/linitiative.ca\/International\/wp-json\/wp\/v2\/comments?post=110736"}],"version-history":[{"count":0,"href":"https:\/\/linitiative.ca\/International\/wp-json\/wp\/v2\/posts\/110736\/revisions"}],"wp:attachment":[{"href":"https:\/\/linitiative.ca\/International\/wp-json\/wp\/v2\/media?parent=110736"}],"wp:term":[{"taxonomy":"category","embeddable":true,"href":"https:\/\/linitiative.ca\/International\/wp-json\/wp\/v2\/categories?post=110736"},{"taxonomy":"post_tag","embeddable":true,"href":"https:\/\/linitiative.ca\/International\/wp-json\/wp\/v2\/tags?post=110736"}],"curies":[{"name":"wp","href":"https:\/\/api.w.org\/{rel}","templated":true}]}}